{"id":9283,"date":"2024-11-01T14:05:13","date_gmt":"2024-11-01T13:05:13","guid":{"rendered":"https:\/\/jfb-stiftung.de\/st-paulus-stift-neuoetting\/ein-haus-der-liebe\/"},"modified":"2024-11-11T14:11:25","modified_gmt":"2024-11-11T13:11:25","slug":"ein-haus-der-liebe","status":"publish","type":"post","link":"https:\/\/jfb-stiftung.de\/st-paulus-stift-neuoetting\/ein-haus-der-liebe\/","title":{"rendered":"Ein Haus der Liebe"},"content":{"rendered":"<div dir=\"auto\">Die j\u00e4hrliche Wallfahrt geh\u00f6rt im St. Paulus Stift einfach dazu. Dieses Jahr haben sich 60 Bewohner und ihre Begleiter auf den Weg von Neu\u00f6tting nach Engelsberg im Landkreis Traunstein gemacht. Das Ziel war die Pfarrkirche St. Andreas, wo die Wallfahrer sehr herzlich von Pastoralassistent Nathanael Hell begr\u00fc\u00dft wurden. Gemeinsam feierten alle einen wunderbaren Gottesdienst, der vom religonsp\u00e4dagogischen Arbeitskreis und dem Chor vom St. Paulus Stift, unter der Leitung von Susi Starnecker \u2013 Raischl gestaltet wurde. \u201eBaut das Haus der Liebe und des Vertrauens\u201c, so lautete das Thema des Gottesdienstes. Und jeder konnte seinen Baustein dazu beitragen. So entstand im Gottesdienst ein Haus gemeinsam mit den Besuchern. Nach \u201egetaner Arbeit\u201c, ein Haus bauen macht ja auch hungrig, trafen sich die Wallfahrer beim Wirt z&#8217;Engelsberg zum Mittagessen. Dort wurde sich ausgiebig ausgetauscht, denn die \u201eBauherren\u201c hatten viel zu erz\u00e4hlen\u2026<\/div>\n<div dir=\"auto\">\n<p>Ein gro\u00dfes Dankesch\u00f6n geht an den <span class=\"html-span xdj266r x11i5rnm xat24cr x1mh8g0r xexx8yu x4uap5 x18d9i69 xkhd6sd x1hl2dhg x16tdsg8 x1vvkbs\"><span class=\"html-span xdj266r x11i5rnm xat24cr x1mh8g0r xexx8yu x4uap5 x18d9i69 xkhd6sd x1hl2dhg x16tdsg8 x1vvkbs\"><span class=\"xt0psk2\">F\u00f6rderverein St. Paulus Stift Neu\u00f6tting<\/span><\/span><\/span><\/p>\n\n\t\t<style type=\"text\/css\">\n\t\t\t#gallery-1 {\n\t\t\t\tmargin: auto;\n\t\t\t}\n\t\t\t#gallery-1 .gallery-item {\n\t\t\t\tfloat: left;\n\t\t\t\tmargin-top: 10px;\n\t\t\t\ttext-align: center;\n\t\t\t\twidth: 33%;\n\t\t\t}\n\t\t\t#gallery-1 img {\n\t\t\t\tborder: 2px solid #cfcfcf;\n\t\t\t}\n\t\t\t#gallery-1 .gallery-caption {\n\t\t\t\tmargin-left: 0;\n\t\t\t}\n\t\t\t\/* see gallery_shortcode() in wp-includes\/media.php *\/\n\t\t<\/style>\n\t\t<div id='gallery-1' class='gallery galleryid-9283 gallery-columns-3 gallery-size-thumbnail'><dl class='gallery-item'>\n\t\t\t<dt class='gallery-icon landscape'>\n\t\t\t\t<a href='https:\/\/jfb-stiftung.de\/st-paulus-stift-neuoetting\/ein-haus-der-liebe\/463977362_122122532750425416_9221618605359498236_n\/'><img fetchpriority=\"high\" decoding=\"async\" width=\"500\" height=\"500\" src=\"https:\/\/jfb-stiftung.de\/st-paulus-stift-neuoetting\/wp-content\/uploads\/sites\/9\/2024\/11\/463977362_122122532750425416_9221618605359498236_n-500x500.jpg\" class=\"attachment-thumbnail size-thumbnail\" alt=\"\"><\/a>\n\t\t\t<\/dt><\/dl><dl class='gallery-item'>\n\t\t\t<dt class='gallery-icon landscape'>\n\t\t\t\t<a href='https:\/\/jfb-stiftung.de\/st-paulus-stift-neuoetting\/ein-haus-der-liebe\/464132512_122122532756425416_3251063082954143631_n\/'><img decoding=\"async\" width=\"500\" height=\"500\" src=\"https:\/\/jfb-stiftung.de\/st-paulus-stift-neuoetting\/wp-content\/uploads\/sites\/9\/2024\/11\/464132512_122122532756425416_3251063082954143631_n-500x500.jpg\" class=\"attachment-thumbnail size-thumbnail\" alt=\"\"><\/a>\n\t\t\t<\/dt><\/dl><dl class='gallery-item'>\n\t\t\t<dt class='gallery-icon landscape'>\n\t\t\t\t<a href='https:\/\/jfb-stiftung.de\/st-paulus-stift-neuoetting\/ein-haus-der-liebe\/464151142_122122532762425416_6036481588449900358_n\/'><img decoding=\"async\" width=\"500\" height=\"500\" src=\"https:\/\/jfb-stiftung.de\/st-paulus-stift-neuoetting\/wp-content\/uploads\/sites\/9\/2024\/11\/464151142_122122532762425416_6036481588449900358_n-500x500.jpg\" class=\"attachment-thumbnail size-thumbnail\" alt=\"\"><\/a>\n\t\t\t<\/dt><\/dl><br style=\"clear: both\" \/>\n\t\t<\/div>\n\n<p>f\u00fcr die \u00dcbernahme der Buskosten<\/p>\n<\/div>\n","protected":false},"excerpt":{"rendered":"<p>Die j\u00e4hrliche Wallfahrt geh\u00f6rt im St. Paulus Stift einfach dazu. Dieses Jahr haben sich 60 Bewohner und ihre Begleiter auf den Weg von Neu\u00f6tting nach Engelsberg im Landkreis Traunstein gemacht. \u2026<\/p>\n","protected":false},"author":19,"featured_media":9284,"comment_status":"closed","ping_status":"closed","sticky":false,"template":"","format":"standard","meta":{"_acf_changed":false,"footnotes":""},"categories":[31],"tags":[],"class_list":["post-9283","post","type-post","status-publish","format-standard","has-post-thumbnail","hentry","category-st-paulus-stift-neuoetting-news"],"acf":[],"publishpress_future_action":{"enabled":false,"date":"2026-05-07 14:25:42","action":"change-status","newStatus":"draft","terms":[],"taxonomy":"category","extraData":[]},"publishpress_future_workflow_manual_trigger":{"enabledWorkflows":[]},"_links":{"self":[{"href":"https:\/\/jfb-stiftung.de\/st-paulus-stift-neuoetting\/wp-json\/wp\/v2\/posts\/9283","targetHints":{"allow":["GET"]}}],"collection":[{"href":"https:\/\/jfb-stiftung.de\/st-paulus-stift-neuoetting\/wp-json\/wp\/v2\/posts"}],"about":[{"href":"https:\/\/jfb-stiftung.de\/st-paulus-stift-neuoetting\/wp-json\/wp\/v2\/types\/post"}],"author":[{"embeddable":true,"href":"https:\/\/jfb-stiftung.de\/st-paulus-stift-neuoetting\/wp-json\/wp\/v2\/users\/19"}],"replies":[{"embeddable":true,"href":"https:\/\/jfb-stiftung.de\/st-paulus-stift-neuoetting\/wp-json\/wp\/v2\/comments?post=9283"}],"version-history":[{"count":0,"href":"https:\/\/jfb-stiftung.de\/st-paulus-stift-neuoetting\/wp-json\/wp\/v2\/posts\/9283\/revisions"}],"wp:featuredmedia":[{"embeddable":true,"href":"https:\/\/jfb-stiftung.de\/st-paulus-stift-neuoetting\/wp-json\/wp\/v2\/media\/9284"}],"wp:attachment":[{"href":"https:\/\/jfb-stiftung.de\/st-paulus-stift-neuoetting\/wp-json\/wp\/v2\/media?parent=9283"}],"wp:term":[{"taxonomy":"category","embeddable":true,"href":"https:\/\/jfb-stiftung.de\/st-paulus-stift-neuoetting\/wp-json\/wp\/v2\/categories?post=9283"},{"taxonomy":"post_tag","embeddable":true,"href":"https:\/\/jfb-stiftung.de\/st-paulus-stift-neuoetting\/wp-json\/wp\/v2\/tags?post=9283"}],"curies":[{"name":"wp","href":"https:\/\/api.w.org\/{rel}","templated":true}]}}