{"id":9207,"date":"2024-10-02T10:17:57","date_gmt":"2024-10-02T08:17:57","guid":{"rendered":"https:\/\/jfb-stiftung.de\/st-paulus-stift-neuoetting\/15-jaehriges-dienstjubilaeum\/"},"modified":"2024-10-07T10:20:23","modified_gmt":"2024-10-07T08:20:23","slug":"15-jaehriges-dienstjubilaeum","status":"publish","type":"post","link":"https:\/\/jfb-stiftung.de\/st-paulus-stift-neuoetting\/15-jaehriges-dienstjubilaeum\/","title":{"rendered":"15-j\u00e4hriges Dienstjubil\u00e4um"},"content":{"rendered":"<p>Gro\u00df war die Freude beim letzten Teammeeting der Wohngruppen Julia\/Raphael im St. Paulus Stift Neu\u00f6tting. Gruppenleiter Sascha Arbeiter wurde mit einem Geschenk zum 15-j\u00e4hrigen Dienstjubil\u00e4um \u00fcberrascht. Die Gl\u00fcckw\u00fcnsche des Hauses \u00fcberbrachte Wohnbereichsleiterin Sandra Schr\u00f6der. Alle w\u00fcnschten Sascha nur das Beste, bedankten sich herzlich f\u00fcr seinen t\u00e4glichen Einsatz f\u00fcr sein Team und die Bewohner. Man war sich einig: &#8222;Sascha bleib so wie du bist<\/p>\n","protected":false},"excerpt":{"rendered":"<p>Gro\u00df war die Freude beim letzten Teammeeting der Wohngruppen Julia\/Raphael im St. Paulus Stift Neu\u00f6tting. Gruppenleiter Sascha Arbeiter wurde mit einem Geschenk zum 15-j\u00e4hrigen Dienstjubil\u00e4um \u00fcberrascht. Die Gl\u00fcckw\u00fcnsche des Hauses \u2026<\/p>\n","protected":false},"author":19,"featured_media":9208,"comment_status":"closed","ping_status":"closed","sticky":false,"template":"","format":"standard","meta":{"_acf_changed":false,"footnotes":""},"categories":[31],"tags":[],"class_list":["post-9207","post","type-post","status-publish","format-standard","has-post-thumbnail","hentry","category-st-paulus-stift-neuoetting-news"],"acf":[],"publishpress_future_action":{"enabled":false,"date":"2026-05-09 10:53:00","action":"change-status","newStatus":"draft","terms":[],"taxonomy":"category","extraData":[]},"publishpress_future_workflow_manual_trigger":{"enabledWorkflows":[]},"_links":{"self":[{"href":"https:\/\/jfb-stiftung.de\/st-paulus-stift-neuoetting\/wp-json\/wp\/v2\/posts\/9207","targetHints":{"allow":["GET"]}}],"collection":[{"href":"https:\/\/jfb-stiftung.de\/st-paulus-stift-neuoetting\/wp-json\/wp\/v2\/posts"}],"about":[{"href":"https:\/\/jfb-stiftung.de\/st-paulus-stift-neuoetting\/wp-json\/wp\/v2\/types\/post"}],"author":[{"embeddable":true,"href":"https:\/\/jfb-stiftung.de\/st-paulus-stift-neuoetting\/wp-json\/wp\/v2\/users\/19"}],"replies":[{"embeddable":true,"href":"https:\/\/jfb-stiftung.de\/st-paulus-stift-neuoetting\/wp-json\/wp\/v2\/comments?post=9207"}],"version-history":[{"count":0,"href":"https:\/\/jfb-stiftung.de\/st-paulus-stift-neuoetting\/wp-json\/wp\/v2\/posts\/9207\/revisions"}],"wp:featuredmedia":[{"embeddable":true,"href":"https:\/\/jfb-stiftung.de\/st-paulus-stift-neuoetting\/wp-json\/wp\/v2\/media\/9208"}],"wp:attachment":[{"href":"https:\/\/jfb-stiftung.de\/st-paulus-stift-neuoetting\/wp-json\/wp\/v2\/media?parent=9207"}],"wp:term":[{"taxonomy":"category","embeddable":true,"href":"https:\/\/jfb-stiftung.de\/st-paulus-stift-neuoetting\/wp-json\/wp\/v2\/categories?post=9207"},{"taxonomy":"post_tag","embeddable":true,"href":"https:\/\/jfb-stiftung.de\/st-paulus-stift-neuoetting\/wp-json\/wp\/v2\/tags?post=9207"}],"curies":[{"name":"wp","href":"https:\/\/api.w.org\/{rel}","templated":true}]}}