{"id":9169,"date":"2024-09-30T08:29:36","date_gmt":"2024-09-30T06:29:36","guid":{"rendered":"https:\/\/jfb-stiftung.de\/st-paulus-stift-neuoetting\/ausflug-auf-die-wiesn\/"},"modified":"2024-11-21T14:08:24","modified_gmt":"2024-11-21T13:08:24","slug":"ausflug-auf-die-wiesn","status":"publish","type":"post","link":"https:\/\/jfb-stiftung.de\/st-paulus-stift-neuoetting\/ausflug-auf-die-wiesn\/","title":{"rendered":"Ausflug auf die Wiesn"},"content":{"rendered":"<p>Am ersten Wiesn-Sonntag haben sich sechs Bewohner*innen der Wohngruppe Michaelistra\u00dfe mit ihren Begleitern auf den Weg nach M\u00fcnchen zum Oktoberfest gemacht. Bei sch\u00f6nstem Wetter konnten sie dort den traditionellen Trachten- und Sch\u00fctzenzug aus n\u00e4chster N\u00e4he verfolgen. Der Umzug mit tausenden Teilnehmern findet schon seit 1950 immer am ersten Wiesn-Sonntag statt und ist ein echtes Highlight. Wie es sich f\u00fcr einen ordentlichen Oktoberfest-Bummel geh\u00f6rt, wurden im Anschluss auch einige Fahrgesch\u00e4fte getestet. Dann ging es auf in&#8217;s Festzelt. Ein gem\u00fctlicher Platz im L\u00f6wenbr\u00e4u-Festzelt war f\u00fcr die Gruppe reserviert. Im Zelt sorgten die &#8222;Heldensteiner&#8220;, eine Festkapelle aus der Region, f\u00fcr ausgelassene Stimmung. Der Dirigent und Trompeter der Kapelle arbeitet in den Ruperti Werkst\u00e4tten Alt\u00f6tting und begr\u00fc\u00dfte &#8222;seine&#8220; Wiesn-Besucher herzlich. Sogar auf die gro\u00dfe Festzelt-B\u00fchne nahm er alle mit. Das war ein riesiger Spa\u00df und ein Erlebnis, das so schnell keiner vergessen wird!<\/p>\n\n\t\t<style type=\"text\/css\">\n\t\t\t#gallery-1 {\n\t\t\t\tmargin: auto;\n\t\t\t}\n\t\t\t#gallery-1 .gallery-item {\n\t\t\t\tfloat: left;\n\t\t\t\tmargin-top: 10px;\n\t\t\t\ttext-align: center;\n\t\t\t\twidth: 25%;\n\t\t\t}\n\t\t\t#gallery-1 img {\n\t\t\t\tborder: 2px solid #cfcfcf;\n\t\t\t}\n\t\t\t#gallery-1 .gallery-caption {\n\t\t\t\tmargin-left: 0;\n\t\t\t}\n\t\t\t\/* see gallery_shortcode() in wp-includes\/media.php *\/\n\t\t<\/style>\n\t\t<div id='gallery-1' class='gallery galleryid-9169 gallery-columns-4 gallery-size-thumbnail'><dl class='gallery-item'>\n\t\t\t<dt class='gallery-icon portrait'>\n\t\t\t\t<a href='https:\/\/jfb-stiftung.de\/st-paulus-stift-neuoetting\/ausflug-auf-die-wiesn\/wiesn\/'><img fetchpriority=\"high\" decoding=\"async\" width=\"500\" height=\"500\" src=\"https:\/\/jfb-stiftung.de\/st-paulus-stift-neuoetting\/wp-content\/uploads\/sites\/9\/2024\/09\/wiesn-500x500.jpg\" class=\"attachment-thumbnail size-thumbnail\" alt=\"\"><\/a>\n\t\t\t<\/dt><\/dl><dl class='gallery-item'>\n\t\t\t<dt class='gallery-icon portrait'>\n\t\t\t\t<a href='https:\/\/jfb-stiftung.de\/st-paulus-stift-neuoetting\/ausflug-auf-die-wiesn\/461472293_122118826844425416_1318288151044015732_n\/'><img decoding=\"async\" width=\"500\" height=\"500\" src=\"https:\/\/jfb-stiftung.de\/st-paulus-stift-neuoetting\/wp-content\/uploads\/sites\/9\/2024\/09\/461472293_122118826844425416_1318288151044015732_n-500x500.jpg\" class=\"attachment-thumbnail size-thumbnail\" alt=\"\"><\/a>\n\t\t\t<\/dt><\/dl><dl class='gallery-item'>\n\t\t\t<dt class='gallery-icon portrait'>\n\t\t\t\t<a href='https:\/\/jfb-stiftung.de\/st-paulus-stift-neuoetting\/ausflug-auf-die-wiesn\/461113765_122118826838425416_7989588627036505829_n\/'><img decoding=\"async\" width=\"500\" height=\"500\" src=\"https:\/\/jfb-stiftung.de\/st-paulus-stift-neuoetting\/wp-content\/uploads\/sites\/9\/2024\/09\/461113765_122118826838425416_7989588627036505829_n-500x500.jpg\" class=\"attachment-thumbnail size-thumbnail\" alt=\"\"><\/a>\n\t\t\t<\/dt><\/dl><dl class='gallery-item'>\n\t\t\t<dt class='gallery-icon portrait'>\n\t\t\t\t<a href='https:\/\/jfb-stiftung.de\/st-paulus-stift-neuoetting\/ausflug-auf-die-wiesn\/461182397_122118826832425416_8236594146685261733_n\/'><img loading=\"lazy\" decoding=\"async\" width=\"500\" height=\"500\" src=\"https:\/\/jfb-stiftung.de\/st-paulus-stift-neuoetting\/wp-content\/uploads\/sites\/9\/2024\/09\/461182397_122118826832425416_8236594146685261733_n-500x500.jpg\" class=\"attachment-thumbnail size-thumbnail\" alt=\"\"><\/a>\n\t\t\t<\/dt><\/dl><br style=\"clear: both\" \/>\n\t\t<\/div>\n\n<p>&nbsp;<\/p>\n","protected":false},"excerpt":{"rendered":"<p>Am ersten Wiesn-Sonntag haben sich sechs Bewohner*innen der Wohngruppe Michaelistra\u00dfe mit ihren Begleitern auf den Weg nach M\u00fcnchen zum Oktoberfest gemacht. Bei sch\u00f6nstem Wetter konnten sie dort den traditionellen Trachten- \u2026<\/p>\n","protected":false},"author":19,"featured_media":9171,"comment_status":"closed","ping_status":"closed","sticky":false,"template":"","format":"standard","meta":{"_acf_changed":false,"footnotes":""},"categories":[31,1],"tags":[],"class_list":["post-9169","post","type-post","status-publish","format-standard","has-post-thumbnail","hentry","category-st-paulus-stift-neuoetting-news","category-neuigkeiten"],"acf":[],"publishpress_future_action":{"enabled":false,"date":"2026-05-09 10:53:23","action":"change-status","newStatus":"draft","terms":[],"taxonomy":"category","extraData":[]},"publishpress_future_workflow_manual_trigger":{"enabledWorkflows":[]},"_links":{"self":[{"href":"https:\/\/jfb-stiftung.de\/st-paulus-stift-neuoetting\/wp-json\/wp\/v2\/posts\/9169","targetHints":{"allow":["GET"]}}],"collection":[{"href":"https:\/\/jfb-stiftung.de\/st-paulus-stift-neuoetting\/wp-json\/wp\/v2\/posts"}],"about":[{"href":"https:\/\/jfb-stiftung.de\/st-paulus-stift-neuoetting\/wp-json\/wp\/v2\/types\/post"}],"author":[{"embeddable":true,"href":"https:\/\/jfb-stiftung.de\/st-paulus-stift-neuoetting\/wp-json\/wp\/v2\/users\/19"}],"replies":[{"embeddable":true,"href":"https:\/\/jfb-stiftung.de\/st-paulus-stift-neuoetting\/wp-json\/wp\/v2\/comments?post=9169"}],"version-history":[{"count":0,"href":"https:\/\/jfb-stiftung.de\/st-paulus-stift-neuoetting\/wp-json\/wp\/v2\/posts\/9169\/revisions"}],"wp:featuredmedia":[{"embeddable":true,"href":"https:\/\/jfb-stiftung.de\/st-paulus-stift-neuoetting\/wp-json\/wp\/v2\/media\/9171"}],"wp:attachment":[{"href":"https:\/\/jfb-stiftung.de\/st-paulus-stift-neuoetting\/wp-json\/wp\/v2\/media?parent=9169"}],"wp:term":[{"taxonomy":"category","embeddable":true,"href":"https:\/\/jfb-stiftung.de\/st-paulus-stift-neuoetting\/wp-json\/wp\/v2\/categories?post=9169"},{"taxonomy":"post_tag","embeddable":true,"href":"https:\/\/jfb-stiftung.de\/st-paulus-stift-neuoetting\/wp-json\/wp\/v2\/tags?post=9169"}],"curies":[{"name":"wp","href":"https:\/\/api.w.org\/{rel}","templated":true}]}}