{"id":8973,"date":"2024-08-21T10:09:47","date_gmt":"2024-08-21T08:09:47","guid":{"rendered":"https:\/\/jfb-stiftung.de\/st-paulus-stift-neuoetting\/?p=8973"},"modified":"2024-11-21T14:12:08","modified_gmt":"2024-11-21T13:12:08","slug":"star-wars-im-bayernpark","status":"publish","type":"post","link":"https:\/\/jfb-stiftung.de\/st-paulus-stift-neuoetting\/star-wars-im-bayernpark\/","title":{"rendered":"Star Wars im Bayernpark"},"content":{"rendered":"<p>Einen intergalaktischen Ausflug unternahmen zwei Bewohner*innen der Wohngruppe Josef\/Elias am Samstag, den 10.08.2024. Zusammen mit zwei Betreuer*innen fuhren sie zum Sternenkrieger &amp; Fantasy-Treffen in den Bayern Park nach Reisbach. Spannende Lichtschwertshows, beindruckende Kost\u00fcme und Fotopoints mit beliebten Filmfiguren lie\u00dfen die Ausfl\u00fcgler f\u00fcr einen Tag in eine fantastische Welt eintauchen. Unz\u00e4hlige Fans verschiedenster Science-Fiction- und Fantasyfilme waren in den niederbayrischen Freizeitpark gekommen, um ihre Lieblingsheldinnen und -helden hautnah erleben zu k\u00f6nnen. Das machte den Ausflug zu einem unvergesslichen Gemeinschafts-Erlebnis!<\/p>\n<p>&nbsp;<\/p>\n\n\t\t<style type=\"text\/css\">\n\t\t\t#gallery-1 {\n\t\t\t\tmargin: auto;\n\t\t\t}\n\t\t\t#gallery-1 .gallery-item {\n\t\t\t\tfloat: left;\n\t\t\t\tmargin-top: 10px;\n\t\t\t\ttext-align: center;\n\t\t\t\twidth: 33%;\n\t\t\t}\n\t\t\t#gallery-1 img {\n\t\t\t\tborder: 2px solid #cfcfcf;\n\t\t\t}\n\t\t\t#gallery-1 .gallery-caption {\n\t\t\t\tmargin-left: 0;\n\t\t\t}\n\t\t\t\/* see gallery_shortcode() in wp-includes\/media.php *\/\n\t\t<\/style>\n\t\t<div id='gallery-1' class='gallery galleryid-8973 gallery-columns-3 gallery-size-thumbnail'><dl class='gallery-item'>\n\t\t\t<dt class='gallery-icon portrait'>\n\t\t\t\t<a href='https:\/\/jfb-stiftung.de\/st-paulus-stift-neuoetting\/img-20240810-wa0018\/'><img fetchpriority=\"high\" decoding=\"async\" width=\"500\" height=\"500\" src=\"https:\/\/jfb-stiftung.de\/st-paulus-stift-neuoetting\/wp-content\/uploads\/sites\/9\/2024\/08\/IMG-20240810-WA0018-500x500.jpg\" class=\"attachment-thumbnail size-thumbnail\" alt=\"\"><\/a>\n\t\t\t<\/dt><\/dl><dl class='gallery-item'>\n\t\t\t<dt class='gallery-icon portrait'>\n\t\t\t\t<a href='https:\/\/jfb-stiftung.de\/st-paulus-stift-neuoetting\/20240814_091932\/'><img decoding=\"async\" width=\"500\" height=\"500\" src=\"https:\/\/jfb-stiftung.de\/st-paulus-stift-neuoetting\/wp-content\/uploads\/sites\/9\/2024\/08\/20240814_091932-500x500.jpg\" class=\"attachment-thumbnail size-thumbnail\" alt=\"\"><\/a>\n\t\t\t<\/dt><\/dl><dl class='gallery-item'>\n\t\t\t<dt class='gallery-icon portrait'>\n\t\t\t\t<a href='https:\/\/jfb-stiftung.de\/st-paulus-stift-neuoetting\/img-20240810-wa0005\/'><img decoding=\"async\" width=\"500\" height=\"500\" src=\"https:\/\/jfb-stiftung.de\/st-paulus-stift-neuoetting\/wp-content\/uploads\/sites\/9\/2024\/08\/IMG-20240810-WA0005-500x500.jpg\" class=\"attachment-thumbnail size-thumbnail\" alt=\"\"><\/a>\n\t\t\t<\/dt><\/dl><br style=\"clear: both\" \/>\n\t\t<\/div>\n\n","protected":false},"excerpt":{"rendered":"<p>Einen intergalaktischen Ausflug unternahmen zwei Bewohner*innen der Wohngruppe Josef\/Elias am Samstag, den 10.08.2024. Zusammen mit zwei Betreuer*innen fuhren sie zum Sternenkrieger &amp; Fantasy-Treffen in den Bayern Park nach Reisbach. Spannende \u2026<\/p>\n","protected":false},"author":19,"featured_media":8974,"comment_status":"closed","ping_status":"closed","sticky":false,"template":"","format":"standard","meta":{"_acf_changed":false,"footnotes":""},"categories":[31,1],"tags":[],"class_list":["post-8973","post","type-post","status-publish","format-standard","has-post-thumbnail","hentry","category-st-paulus-stift-neuoetting-news","category-neuigkeiten"],"acf":[],"publishpress_future_action":{"enabled":false,"date":"2026-05-09 10:50:28","action":"change-status","newStatus":"draft","terms":[],"taxonomy":"category","extraData":[]},"publishpress_future_workflow_manual_trigger":{"enabledWorkflows":[]},"_links":{"self":[{"href":"https:\/\/jfb-stiftung.de\/st-paulus-stift-neuoetting\/wp-json\/wp\/v2\/posts\/8973","targetHints":{"allow":["GET"]}}],"collection":[{"href":"https:\/\/jfb-stiftung.de\/st-paulus-stift-neuoetting\/wp-json\/wp\/v2\/posts"}],"about":[{"href":"https:\/\/jfb-stiftung.de\/st-paulus-stift-neuoetting\/wp-json\/wp\/v2\/types\/post"}],"author":[{"embeddable":true,"href":"https:\/\/jfb-stiftung.de\/st-paulus-stift-neuoetting\/wp-json\/wp\/v2\/users\/19"}],"replies":[{"embeddable":true,"href":"https:\/\/jfb-stiftung.de\/st-paulus-stift-neuoetting\/wp-json\/wp\/v2\/comments?post=8973"}],"version-history":[{"count":0,"href":"https:\/\/jfb-stiftung.de\/st-paulus-stift-neuoetting\/wp-json\/wp\/v2\/posts\/8973\/revisions"}],"wp:featuredmedia":[{"embeddable":true,"href":"https:\/\/jfb-stiftung.de\/st-paulus-stift-neuoetting\/wp-json\/wp\/v2\/media\/8974"}],"wp:attachment":[{"href":"https:\/\/jfb-stiftung.de\/st-paulus-stift-neuoetting\/wp-json\/wp\/v2\/media?parent=8973"}],"wp:term":[{"taxonomy":"category","embeddable":true,"href":"https:\/\/jfb-stiftung.de\/st-paulus-stift-neuoetting\/wp-json\/wp\/v2\/categories?post=8973"},{"taxonomy":"post_tag","embeddable":true,"href":"https:\/\/jfb-stiftung.de\/st-paulus-stift-neuoetting\/wp-json\/wp\/v2\/tags?post=8973"}],"curies":[{"name":"wp","href":"https:\/\/api.w.org\/{rel}","templated":true}]}}