{"id":8938,"date":"2024-08-12T11:35:51","date_gmt":"2024-08-12T09:35:51","guid":{"rendered":"https:\/\/jfb-stiftung.de\/st-paulus-stift-neuoetting\/?p=8938"},"modified":"2024-11-21T14:14:37","modified_gmt":"2024-11-21T13:14:37","slug":"dultauszug-do-samma-dabei","status":"publish","type":"post","link":"https:\/\/jfb-stiftung.de\/st-paulus-stift-neuoetting\/dultauszug-do-samma-dabei\/","title":{"rendered":"Dultauszug: Do samma dabei!"},"content":{"rendered":"<p>Stolze R\u00f6sser, gleich vier St\u00fcck, waren vor dem Festwagen des M\u00fcllerbr\u00e4us gespannt, um das Festbier auf die Marktdult zu fahren. Damit das nicht in aller Stille passiert oder gar heimlich, treffen sich die Neu\u00f6ttinger Vereine immer am ersten Tag der Marktdult auf dem Stadtplatz und k\u00fcmmern sich darum, dass das Bier sicher auf dem Dultplatz ankommt. Der Dultauszug, am Freitag, 09.08.2024, war ein stattlicher Festzug, bei dem nat\u00fcrlich der F\u00f6rderverein des St. Paulus Stifts nicht fehlen durfte und wie jedes Jahr gingen im Festzug F\u00f6rderverein und Bewohnerbeirat zusammen zur Festwiese hinunter in den Hergraben.<\/p>\n<p>Dort angekommen warteten alle gespannt auf das \u201eO\u00b4zapft is\u201c ausgerufen vom ersten B\u00fcrgermeister Peter Haugeneder. Endlich konnte der Durst, es war sehr hei\u00df an diesem Freitagabend, gel\u00f6scht werden und eine z\u00fcnftige Brotzeit geh\u00f6rte nat\u00fcrlich auch dazu.<\/p>\n<p>Nach der St\u00e4rkung wagten sich die Bewohner der Wohngruppe Katharina\u00a0 voller Elan ans Losen und B\u00fcchsenwerfen. Mit jeder Menge Spa\u00df und tollen Gewinnen im Gep\u00e4ck ging es schlie\u00dflich zur\u00fcck ins St. Paulusstift. Die gute Laune und die neu gewonnenen Errungenschaften machten den Ausflug zu einem unvergesslichen Erlebnis f\u00fcr alle Bewohner.<\/p>\n\n\t\t<style type=\"text\/css\">\n\t\t\t#gallery-1 {\n\t\t\t\tmargin: auto;\n\t\t\t}\n\t\t\t#gallery-1 .gallery-item {\n\t\t\t\tfloat: left;\n\t\t\t\tmargin-top: 10px;\n\t\t\t\ttext-align: center;\n\t\t\t\twidth: 33%;\n\t\t\t}\n\t\t\t#gallery-1 img {\n\t\t\t\tborder: 2px solid #cfcfcf;\n\t\t\t}\n\t\t\t#gallery-1 .gallery-caption {\n\t\t\t\tmargin-left: 0;\n\t\t\t}\n\t\t\t\/* see gallery_shortcode() in wp-includes\/media.php *\/\n\t\t<\/style>\n\t\t<div id='gallery-1' class='gallery galleryid-8938 gallery-columns-3 gallery-size-thumbnail'><dl class='gallery-item'>\n\t\t\t<dt class='gallery-icon portrait'>\n\t\t\t\t<a href='https:\/\/jfb-stiftung.de\/st-paulus-stift-neuoetting\/dultauszug-do-samma-dabei\/e7820107-b88f-478a-a734-bb77428b7fa7\/'><img fetchpriority=\"high\" decoding=\"async\" width=\"500\" height=\"500\" src=\"https:\/\/jfb-stiftung.de\/st-paulus-stift-neuoetting\/wp-content\/uploads\/sites\/9\/2024\/08\/e7820107-b88f-478a-a734-bb77428b7fa7-500x500.jpg\" class=\"attachment-thumbnail size-thumbnail\" alt=\"\"><\/a>\n\t\t\t<\/dt><\/dl><dl class='gallery-item'>\n\t\t\t<dt class='gallery-icon portrait'>\n\t\t\t\t<a href='https:\/\/jfb-stiftung.de\/st-paulus-stift-neuoetting\/dultauszug-do-samma-dabei\/de861cbf-9ce5-4acd-b01a-3cba98b3559d\/'><img decoding=\"async\" width=\"500\" height=\"500\" src=\"https:\/\/jfb-stiftung.de\/st-paulus-stift-neuoetting\/wp-content\/uploads\/sites\/9\/2024\/08\/de861cbf-9ce5-4acd-b01a-3cba98b3559d-500x500.jpeg\" class=\"attachment-thumbnail size-thumbnail\" alt=\"\"><\/a>\n\t\t\t<\/dt><\/dl><dl class='gallery-item'>\n\t\t\t<dt class='gallery-icon portrait'>\n\t\t\t\t<a href='https:\/\/jfb-stiftung.de\/st-paulus-stift-neuoetting\/dultauszug-do-samma-dabei\/img_3033\/'><img decoding=\"async\" width=\"500\" height=\"500\" src=\"https:\/\/jfb-stiftung.de\/st-paulus-stift-neuoetting\/wp-content\/uploads\/sites\/9\/2024\/08\/IMG_3033-scaled-500x500.jpeg\" class=\"attachment-thumbnail size-thumbnail\" alt=\"\"><\/a>\n\t\t\t<\/dt><\/dl><br style=\"clear: both\" \/><dl class='gallery-item'>\n\t\t\t<dt class='gallery-icon portrait'>\n\t\t\t\t<a href='https:\/\/jfb-stiftung.de\/st-paulus-stift-neuoetting\/dultauszug-do-samma-dabei\/img_3024\/'><img loading=\"lazy\" decoding=\"async\" width=\"500\" height=\"500\" src=\"https:\/\/jfb-stiftung.de\/st-paulus-stift-neuoetting\/wp-content\/uploads\/sites\/9\/2024\/08\/IMG_3024-scaled-500x500.jpeg\" class=\"attachment-thumbnail size-thumbnail\" alt=\"\"><\/a>\n\t\t\t<\/dt><\/dl><dl class='gallery-item'>\n\t\t\t<dt class='gallery-icon portrait'>\n\t\t\t\t<a href='https:\/\/jfb-stiftung.de\/st-paulus-stift-neuoetting\/dultauszug-do-samma-dabei\/img_3030\/'><img loading=\"lazy\" decoding=\"async\" width=\"500\" height=\"500\" src=\"https:\/\/jfb-stiftung.de\/st-paulus-stift-neuoetting\/wp-content\/uploads\/sites\/9\/2024\/08\/IMG_3030-scaled-500x500.jpeg\" class=\"attachment-thumbnail size-thumbnail\" alt=\"\"><\/a>\n\t\t\t<\/dt><\/dl><dl class='gallery-item'>\n\t\t\t<dt class='gallery-icon landscape'>\n\t\t\t\t<a href='https:\/\/jfb-stiftung.de\/st-paulus-stift-neuoetting\/dultauszug-do-samma-dabei\/img_3023\/'><img loading=\"lazy\" decoding=\"async\" width=\"500\" height=\"500\" src=\"https:\/\/jfb-stiftung.de\/st-paulus-stift-neuoetting\/wp-content\/uploads\/sites\/9\/2024\/08\/IMG_3023-scaled-500x500.jpeg\" class=\"attachment-thumbnail size-thumbnail\" alt=\"\"><\/a>\n\t\t\t<\/dt><\/dl><br style=\"clear: both\" \/>\n\t\t<\/div>\n\n<p>&nbsp;<\/p>\n<p>&nbsp;<\/p>\n<p>&nbsp;<\/p>\n<p>&nbsp;<\/p>\n<p>&nbsp;<\/p>\n","protected":false},"excerpt":{"rendered":"<p>Stolze R\u00f6sser, gleich vier St\u00fcck, waren vor dem Festwagen des M\u00fcllerbr\u00e4us gespannt, um das Festbier auf die Marktdult zu fahren. Damit das nicht in aller Stille passiert oder gar heimlich, \u2026<\/p>\n","protected":false},"author":19,"featured_media":8942,"comment_status":"closed","ping_status":"closed","sticky":false,"template":"","format":"standard","meta":{"_acf_changed":false,"footnotes":""},"categories":[31,1],"tags":[],"class_list":["post-8938","post","type-post","status-publish","format-standard","has-post-thumbnail","hentry","category-st-paulus-stift-neuoetting-news","category-neuigkeiten"],"acf":[],"publishpress_future_action":{"enabled":false,"date":"2026-05-09 10:51:18","action":"change-status","newStatus":"draft","terms":[],"taxonomy":"category","extraData":[]},"publishpress_future_workflow_manual_trigger":{"enabledWorkflows":[]},"_links":{"self":[{"href":"https:\/\/jfb-stiftung.de\/st-paulus-stift-neuoetting\/wp-json\/wp\/v2\/posts\/8938","targetHints":{"allow":["GET"]}}],"collection":[{"href":"https:\/\/jfb-stiftung.de\/st-paulus-stift-neuoetting\/wp-json\/wp\/v2\/posts"}],"about":[{"href":"https:\/\/jfb-stiftung.de\/st-paulus-stift-neuoetting\/wp-json\/wp\/v2\/types\/post"}],"author":[{"embeddable":true,"href":"https:\/\/jfb-stiftung.de\/st-paulus-stift-neuoetting\/wp-json\/wp\/v2\/users\/19"}],"replies":[{"embeddable":true,"href":"https:\/\/jfb-stiftung.de\/st-paulus-stift-neuoetting\/wp-json\/wp\/v2\/comments?post=8938"}],"version-history":[{"count":0,"href":"https:\/\/jfb-stiftung.de\/st-paulus-stift-neuoetting\/wp-json\/wp\/v2\/posts\/8938\/revisions"}],"wp:featuredmedia":[{"embeddable":true,"href":"https:\/\/jfb-stiftung.de\/st-paulus-stift-neuoetting\/wp-json\/wp\/v2\/media\/8942"}],"wp:attachment":[{"href":"https:\/\/jfb-stiftung.de\/st-paulus-stift-neuoetting\/wp-json\/wp\/v2\/media?parent=8938"}],"wp:term":[{"taxonomy":"category","embeddable":true,"href":"https:\/\/jfb-stiftung.de\/st-paulus-stift-neuoetting\/wp-json\/wp\/v2\/categories?post=8938"},{"taxonomy":"post_tag","embeddable":true,"href":"https:\/\/jfb-stiftung.de\/st-paulus-stift-neuoetting\/wp-json\/wp\/v2\/tags?post=8938"}],"curies":[{"name":"wp","href":"https:\/\/api.w.org\/{rel}","templated":true}]}}