{"id":8904,"date":"2024-08-08T09:07:44","date_gmt":"2024-08-08T07:07:44","guid":{"rendered":"https:\/\/jfb-stiftung.de\/st-paulus-stift-neuoetting\/?p=8904"},"modified":"2024-11-21T14:16:14","modified_gmt":"2024-11-21T13:16:14","slug":"mit-herz-und-hand","status":"publish","type":"post","link":"https:\/\/jfb-stiftung.de\/st-paulus-stift-neuoetting\/mit-herz-und-hand\/","title":{"rendered":"Mit Herz und Hand"},"content":{"rendered":"<p>Am 31. Juli 2024 feierten acht Absolventinnen und Absolventen des St. Paulus Stifts Neu\u00f6tting den Abschluss ihrer Ausbildung. Darunter f\u00fcnf Heilerziehungspfleger*innen, zwei Heilerziehungspflegehelfer*innen und eine Erzieherin im Anerkennungsjahr. Vorst\u00e4ndin Christa Lichtenegger und Gesch\u00e4ftsbereichsleiterin Claudia Mauer \u00fcberreichten den strahlenden Gratulanten eine Rose, ein Kalenderb\u00fcchlein und eine pers\u00f6nliche Gru\u00dfkarte. Bei einer kleinen Feierstunde im Anschluss konnten alle die Ausbildungszeit nochmals Revue passieren lassen. Bei Kaffee und Kuchen gab es viel zu erz\u00e4hlen \u00fcber die Erlebnisse w\u00e4hrend der Ausbildung, auch und vor allem kleine Anekdoten aus dem Schulalltag.<\/p>\n<p>Im St. Paulus Stift Neu\u00f6tting wird seit jeher viel Wert auf die Aus- und Weiterbildung von Mitarbeitenden gelegt. Die angehenden Fachkr\u00e4fte durchlaufen in Kooperation mit den ausbildenden Schulen den berufsbegleitenden, praktischen Teil ihrer Ausbildung, den sie hier f\u00fcr ihre sp\u00e4tere Arbeit brauchen. Neben dem n\u00f6tigen Fachwissen z\u00e4hlen in einer sozialen Einrichtung auch p\u00e4dagogisches Geschick und Einf\u00fchlungsverm\u00f6gen. Kurz gesagt: mit Hand und Herz an die Herausforderungen des Berufsalltags zu gehen.<\/p>\n<p><img fetchpriority=\"high\" decoding=\"async\" class=\"alignnone size-medium wp-image-8905\" src=\"https:\/\/jfb-stiftung.de\/st-paulus-stift-neuoetting\/wp-content\/uploads\/sites\/9\/2024\/08\/Bild_Web-1000x810.jpg\" alt=\"\" width=\"1000\" height=\"810\"><\/p>\n<p>v.l. Gesch\u00e4ftsbereichsleiterin Claudia Mauer, Bereichsleiter Bernhard Waldherr, David Hofmann (HEP), Maria Holzmann (Anerkennungsjahr Erzieherin), Ariane Pollak (HEP), Iris Lexmaul (HEP-H), Irene Riedl (HEP), Vorst\u00e4ndin Christa Lichtenegger, Jasmin Rheinfelder (HEP-H). Aus terminlichen Gr\u00fcnden verhindert: Miriam Peuker (HEP) und Peter Putz (HEP)<\/p>\n<p>Wir sind sehr stolz und freuen uns, dass wir in diesem Jahr gleich acht Absolventinnen und Absolventen zum erfolgreichen Abschluss gratulieren k\u00f6nnen!<\/p>\n<p>&nbsp;<\/p>\n<p><strong>\u00a0<\/strong><\/p>\n<p><strong>\u00a0<\/strong><\/p>\n","protected":false},"excerpt":{"rendered":"<p>Am 31. Juli 2024 feierten acht Absolventinnen und Absolventen des St. Paulus Stifts Neu\u00f6tting den Abschluss ihrer Ausbildung. Darunter f\u00fcnf Heilerziehungspfleger*innen, zwei Heilerziehungspflegehelfer*innen und eine Erzieherin im Anerkennungsjahr. Vorst\u00e4ndin Christa \u2026<\/p>\n","protected":false},"author":19,"featured_media":8905,"comment_status":"closed","ping_status":"closed","sticky":false,"template":"","format":"standard","meta":{"_acf_changed":false,"footnotes":""},"categories":[31,1],"tags":[],"class_list":["post-8904","post","type-post","status-publish","format-standard","has-post-thumbnail","hentry","category-st-paulus-stift-neuoetting-news","category-neuigkeiten"],"acf":[],"publishpress_future_action":{"enabled":false,"date":"2026-05-09 11:33:31","action":"change-status","newStatus":"draft","terms":[],"taxonomy":"category","extraData":[]},"publishpress_future_workflow_manual_trigger":{"enabledWorkflows":[]},"_links":{"self":[{"href":"https:\/\/jfb-stiftung.de\/st-paulus-stift-neuoetting\/wp-json\/wp\/v2\/posts\/8904","targetHints":{"allow":["GET"]}}],"collection":[{"href":"https:\/\/jfb-stiftung.de\/st-paulus-stift-neuoetting\/wp-json\/wp\/v2\/posts"}],"about":[{"href":"https:\/\/jfb-stiftung.de\/st-paulus-stift-neuoetting\/wp-json\/wp\/v2\/types\/post"}],"author":[{"embeddable":true,"href":"https:\/\/jfb-stiftung.de\/st-paulus-stift-neuoetting\/wp-json\/wp\/v2\/users\/19"}],"replies":[{"embeddable":true,"href":"https:\/\/jfb-stiftung.de\/st-paulus-stift-neuoetting\/wp-json\/wp\/v2\/comments?post=8904"}],"version-history":[{"count":0,"href":"https:\/\/jfb-stiftung.de\/st-paulus-stift-neuoetting\/wp-json\/wp\/v2\/posts\/8904\/revisions"}],"wp:featuredmedia":[{"embeddable":true,"href":"https:\/\/jfb-stiftung.de\/st-paulus-stift-neuoetting\/wp-json\/wp\/v2\/media\/8905"}],"wp:attachment":[{"href":"https:\/\/jfb-stiftung.de\/st-paulus-stift-neuoetting\/wp-json\/wp\/v2\/media?parent=8904"}],"wp:term":[{"taxonomy":"category","embeddable":true,"href":"https:\/\/jfb-stiftung.de\/st-paulus-stift-neuoetting\/wp-json\/wp\/v2\/categories?post=8904"},{"taxonomy":"post_tag","embeddable":true,"href":"https:\/\/jfb-stiftung.de\/st-paulus-stift-neuoetting\/wp-json\/wp\/v2\/tags?post=8904"}],"curies":[{"name":"wp","href":"https:\/\/api.w.org\/{rel}","templated":true}]}}