{"id":8888,"date":"2024-07-30T15:31:26","date_gmt":"2024-07-30T14:31:26","guid":{"rendered":"https:\/\/jfb-stiftung.de\/st-paulus-stift-neuoetting\/?p=8888"},"modified":"2024-11-21T14:17:53","modified_gmt":"2024-11-21T13:17:53","slug":"zu-gast-bei-special-olympics-bayern","status":"publish","type":"post","link":"https:\/\/jfb-stiftung.de\/st-paulus-stift-neuoetting\/zu-gast-bei-special-olympics-bayern\/","title":{"rendered":"Zu Gast bei Special Olympics Bayern"},"content":{"rendered":"<p>\u201eWie wirke ich in der \u00d6ffentlichkeit?\u201c \u2013 \u201eWas sagt meine K\u00f6rperhaltung \u00fcber mich aus?\u201c \u2013 \u201eWas sage ich, wenn mich ein Reporter etwas fragt?\u201c \u2013 \u201eWie schreibt man eine Rede?\u201c. Mit diesen Fragen und noch einigen mehr setzten sich die Teilnehmer*innen des Seminars \u201e\u00d6ffentlichkeitsarbeit\u201c von Special Olympics Bayern auseinander. Zu Beginn erarbeiteten sich die Teilnehmerinnen und Teilnehmer aus ganz Bayern, unter ihnen auch ein Bewohner der WG Michaelistra\u00dfe, die Grundlagen f\u00fcr eine gute \u00d6ffentlichkeitsarbeit. So erkl\u00e4rten ihnen die beiden Referenteninnen wie wichtig z.B. ein gepflegtes Auftreten und angemessene Kleidung sind. Anhand von Beispielen zeigten beide auf, was die K\u00f6rperhaltung sowie der Gesichtsausdruck \u00fcber die Gem\u00fctslage des Einzelnen aussagt und beim Gegen\u00fcber ausl\u00f6st.<\/p>\n<p>Nachdem an einem Beispiel die Bestandteile einer Rede erkl\u00e4rt wurden, schrieb jede*r Teilnehmer*in eine kurze Rede zu einem freien Thema und stellte diese dann im Plenum vor. Alle nahmen das Angebot der R\u00fcckmeldung durch die Referentinnen gerne an und erhielten so kleine Anregungen, um ihre Reden noch besser zu machen.<\/p>\n<p>Nach der Mittagspause stellten die beiden Referentinnen die \u201eK\u00f6nigsdisziplin\u201c das Interview vor. \u00a0Auch hier bekam jede*r Teilnehmer*in die M\u00f6glichkeit sich in einem Interview zu versuchen. Wie im Fernsehen \u00fcblich, wurde dieses gefilmt und im Anschluss mit der\/dem jeweiligen Interviewpartner*in besprochen. F\u00fcr die gezeigten Leistungen gab es durch die Referentinnen durchweg gro\u00dfes Lob.<\/p>\n","protected":false},"excerpt":{"rendered":"<p>\u201eWie wirke ich in der \u00d6ffentlichkeit?\u201c \u2013 \u201eWas sagt meine K\u00f6rperhaltung \u00fcber mich aus?\u201c \u2013 \u201eWas sage ich, wenn mich ein Reporter etwas fragt?\u201c \u2013 \u201eWie schreibt man eine Rede?\u201c. \u2026<\/p>\n","protected":false},"author":19,"featured_media":8889,"comment_status":"closed","ping_status":"closed","sticky":false,"template":"","format":"standard","meta":{"_acf_changed":false,"footnotes":""},"categories":[31,1],"tags":[],"class_list":["post-8888","post","type-post","status-publish","format-standard","has-post-thumbnail","hentry","category-st-paulus-stift-neuoetting-news","category-neuigkeiten"],"acf":[],"publishpress_future_action":{"enabled":false,"date":"2026-05-09 10:53:42","action":"change-status","newStatus":"draft","terms":[],"taxonomy":"category","extraData":[]},"publishpress_future_workflow_manual_trigger":{"enabledWorkflows":[]},"_links":{"self":[{"href":"https:\/\/jfb-stiftung.de\/st-paulus-stift-neuoetting\/wp-json\/wp\/v2\/posts\/8888","targetHints":{"allow":["GET"]}}],"collection":[{"href":"https:\/\/jfb-stiftung.de\/st-paulus-stift-neuoetting\/wp-json\/wp\/v2\/posts"}],"about":[{"href":"https:\/\/jfb-stiftung.de\/st-paulus-stift-neuoetting\/wp-json\/wp\/v2\/types\/post"}],"author":[{"embeddable":true,"href":"https:\/\/jfb-stiftung.de\/st-paulus-stift-neuoetting\/wp-json\/wp\/v2\/users\/19"}],"replies":[{"embeddable":true,"href":"https:\/\/jfb-stiftung.de\/st-paulus-stift-neuoetting\/wp-json\/wp\/v2\/comments?post=8888"}],"version-history":[{"count":0,"href":"https:\/\/jfb-stiftung.de\/st-paulus-stift-neuoetting\/wp-json\/wp\/v2\/posts\/8888\/revisions"}],"wp:featuredmedia":[{"embeddable":true,"href":"https:\/\/jfb-stiftung.de\/st-paulus-stift-neuoetting\/wp-json\/wp\/v2\/media\/8889"}],"wp:attachment":[{"href":"https:\/\/jfb-stiftung.de\/st-paulus-stift-neuoetting\/wp-json\/wp\/v2\/media?parent=8888"}],"wp:term":[{"taxonomy":"category","embeddable":true,"href":"https:\/\/jfb-stiftung.de\/st-paulus-stift-neuoetting\/wp-json\/wp\/v2\/categories?post=8888"},{"taxonomy":"post_tag","embeddable":true,"href":"https:\/\/jfb-stiftung.de\/st-paulus-stift-neuoetting\/wp-json\/wp\/v2\/tags?post=8888"}],"curies":[{"name":"wp","href":"https:\/\/api.w.org\/{rel}","templated":true}]}}