{"id":8803,"date":"2024-07-16T12:19:25","date_gmt":"2024-07-16T10:19:25","guid":{"rendered":"https:\/\/jfb-stiftung.de\/st-paulus-stift-neuoetting\/?p=8803"},"modified":"2024-07-16T12:37:08","modified_gmt":"2024-07-16T10:37:08","slug":"farbenfrohes-sommerfest","status":"publish","type":"post","link":"https:\/\/jfb-stiftung.de\/st-paulus-stift-neuoetting\/farbenfrohes-sommerfest\/","title":{"rendered":"Farbenfrohes Sommerfest"},"content":{"rendered":"<p>Ganz im Zeichen des Regenbogens stand das diesj\u00e4hrige Sommerfest im St. Paulus Stift Neu\u00f6tting am Sonntag, den 14. Juli.\u00a0 Rund 400 Besucher*innen kamen \u00fcber den Tag verteilt auf das Festgel\u00e4nde. Bei sch\u00f6nstem Wetter genossen Bewohner*innen, Mitarbeiter*innen, Familienangeh\u00f6rige und Einheimische ein buntes und geselliges Fest. Nach einem festlichen Gottesdienst, musikalisch eingeleitet vom Neu\u00f6ttinger Spielmannszug, gab es feine Schmankerl aus der hauseigenen K\u00fcche. Um 13 Uhr \u00f6ffneten die Buden und St\u00e4nde, die von allen Beteiligten \u00fcber Monate liebevoll vorbereitet und mit handgefertigten Dekoartikeln best\u00fcckt wurden. Der F\u00f6rderverein beteiligte sich ebenfalls mit einer Aktion, bei der es tolle Preise zu gewinnen gab. Die Menschen, die im St. Paulus Stift leben, haben sich im Vorfeld zusammen mit den Mitarbeitern viele verschiedene Spiele und Aktionen \u00fcberlegt. So konnten sich Gro\u00df und Klein beim Dosenwerfen, Ma\u00dfkrugschieben oder in der H\u00fcpfburg nach Herzenslust austoben.<\/p>\n\n\t\t<style type=\"text\/css\">\n\t\t\t#gallery-1 {\n\t\t\t\tmargin: auto;\n\t\t\t}\n\t\t\t#gallery-1 .gallery-item {\n\t\t\t\tfloat: left;\n\t\t\t\tmargin-top: 10px;\n\t\t\t\ttext-align: center;\n\t\t\t\twidth: 25%;\n\t\t\t}\n\t\t\t#gallery-1 img {\n\t\t\t\tborder: 2px solid #cfcfcf;\n\t\t\t}\n\t\t\t#gallery-1 .gallery-caption {\n\t\t\t\tmargin-left: 0;\n\t\t\t}\n\t\t\t\/* see gallery_shortcode() in wp-includes\/media.php *\/\n\t\t<\/style>\n\t\t<div id='gallery-1' class='gallery galleryid-8803 gallery-columns-4 gallery-size-thumbnail'><dl class='gallery-item'>\n\t\t\t<dt class='gallery-icon landscape'>\n\t\t\t\t<img fetchpriority=\"high\" decoding=\"async\" width=\"500\" height=\"500\" src=\"https:\/\/jfb-stiftung.de\/st-paulus-stift-neuoetting\/wp-content\/uploads\/sites\/9\/2024\/07\/Cluadia-Eroeffnung-scaled-500x500.jpg\" class=\"attachment-thumbnail size-thumbnail\" alt=\"\">\n\t\t\t<\/dt><\/dl><dl class='gallery-item'>\n\t\t\t<dt class='gallery-icon landscape'>\n\t\t\t\t<img decoding=\"async\" width=\"500\" height=\"500\" src=\"https:\/\/jfb-stiftung.de\/st-paulus-stift-neuoetting\/wp-content\/uploads\/sites\/9\/2024\/07\/Festzelt-scaled-500x500.jpg\" class=\"attachment-thumbnail size-thumbnail\" alt=\"\">\n\t\t\t<\/dt><\/dl><dl class='gallery-item'>\n\t\t\t<dt class='gallery-icon landscape'>\n\t\t\t\t<img decoding=\"async\" width=\"500\" height=\"500\" src=\"https:\/\/jfb-stiftung.de\/st-paulus-stift-neuoetting\/wp-content\/uploads\/sites\/9\/2024\/07\/Spielmannszug-scaled-500x500.jpg\" class=\"attachment-thumbnail size-thumbnail\" alt=\"\">\n\t\t\t<\/dt><\/dl><dl class='gallery-item'>\n\t\t\t<dt class='gallery-icon landscape'>\n\t\t\t\t<img loading=\"lazy\" decoding=\"async\" width=\"500\" height=\"500\" src=\"https:\/\/jfb-stiftung.de\/st-paulus-stift-neuoetting\/wp-content\/uploads\/sites\/9\/2024\/07\/Tombola-scaled-500x500.jpg\" class=\"attachment-thumbnail size-thumbnail\" alt=\"\">\n\t\t\t<\/dt><\/dl><br style=\"clear: both\" \/>\n\t\t<\/div>\n\n<p>&nbsp;<\/p>\n","protected":false},"excerpt":{"rendered":"<p>Ganz im Zeichen des Regenbogens stand das diesj\u00e4hrige Sommerfest im St. Paulus Stift Neu\u00f6tting am Sonntag, den 14. Juli.\u00a0 Rund 400 Besucher*innen kamen \u00fcber den Tag verteilt auf das Festgel\u00e4nde. \u2026<\/p>\n","protected":false},"author":19,"featured_media":8807,"comment_status":"closed","ping_status":"closed","sticky":false,"template":"","format":"standard","meta":{"_acf_changed":false,"footnotes":""},"categories":[31],"tags":[],"class_list":["post-8803","post","type-post","status-publish","format-standard","has-post-thumbnail","hentry","category-st-paulus-stift-neuoetting-news"],"acf":[],"publishpress_future_action":{"enabled":false,"date":"2026-05-07 14:25:41","action":"change-status","newStatus":"draft","terms":[],"taxonomy":"category","extraData":[]},"publishpress_future_workflow_manual_trigger":{"enabledWorkflows":[]},"_links":{"self":[{"href":"https:\/\/jfb-stiftung.de\/st-paulus-stift-neuoetting\/wp-json\/wp\/v2\/posts\/8803","targetHints":{"allow":["GET"]}}],"collection":[{"href":"https:\/\/jfb-stiftung.de\/st-paulus-stift-neuoetting\/wp-json\/wp\/v2\/posts"}],"about":[{"href":"https:\/\/jfb-stiftung.de\/st-paulus-stift-neuoetting\/wp-json\/wp\/v2\/types\/post"}],"author":[{"embeddable":true,"href":"https:\/\/jfb-stiftung.de\/st-paulus-stift-neuoetting\/wp-json\/wp\/v2\/users\/19"}],"replies":[{"embeddable":true,"href":"https:\/\/jfb-stiftung.de\/st-paulus-stift-neuoetting\/wp-json\/wp\/v2\/comments?post=8803"}],"version-history":[{"count":0,"href":"https:\/\/jfb-stiftung.de\/st-paulus-stift-neuoetting\/wp-json\/wp\/v2\/posts\/8803\/revisions"}],"wp:featuredmedia":[{"embeddable":true,"href":"https:\/\/jfb-stiftung.de\/st-paulus-stift-neuoetting\/wp-json\/wp\/v2\/media\/8807"}],"wp:attachment":[{"href":"https:\/\/jfb-stiftung.de\/st-paulus-stift-neuoetting\/wp-json\/wp\/v2\/media?parent=8803"}],"wp:term":[{"taxonomy":"category","embeddable":true,"href":"https:\/\/jfb-stiftung.de\/st-paulus-stift-neuoetting\/wp-json\/wp\/v2\/categories?post=8803"},{"taxonomy":"post_tag","embeddable":true,"href":"https:\/\/jfb-stiftung.de\/st-paulus-stift-neuoetting\/wp-json\/wp\/v2\/tags?post=8803"}],"curies":[{"name":"wp","href":"https:\/\/api.w.org\/{rel}","templated":true}]}}