{"id":8584,"date":"2024-06-20T11:16:10","date_gmt":"2024-06-20T09:16:10","guid":{"rendered":"https:\/\/jfb-stiftung.de\/st-paulus-stift-neuoetting\/neuwahlen-der-bewohnervertretung\/"},"modified":"2024-06-20T11:16:10","modified_gmt":"2024-06-20T09:16:10","slug":"neuwahlen-der-bewohnervertretung","status":"publish","type":"post","link":"https:\/\/jfb-stiftung.de\/st-paulus-stift-neuoetting\/neuwahlen-der-bewohnervertretung\/","title":{"rendered":"Neuwahlen der Bewohnervertretung"},"content":{"rendered":"<p>Mit \u00fcber 57 % Wahlbeteiligung war das Interesse an den Wahlen der Bewohnervertretung im St. Paulus Stift Neu\u00f6tting enorm gro\u00df. Sie fanden in der Woche vom 22. April bis zum 26. April statt.\u00a0Nach Ausz\u00e4hlung der Stimmen und der Verk\u00fcndigung des Wahlergebnisses, wurde die erste konstituierende Sitzung f\u00fcr den 8. Mai anberaumt.<br \/>\nDoch bevor die Sitzung beginnen konnte, wurden die ausscheidenden Bewohnerbeir\u00e4te verabschiedet. In diesem Zusammenhang berichteten viele auch \u00fcber ihr Amt und ihre vergangene. Die Vorst\u00e4ndin der Jacob Friedrich Bussereau Stiftung, Fr. Christa Lichtenegger lie\u00df es sich nicht nehmen, sich bei den ausscheidenden Beir\u00e4ten f\u00fcr Ihren Einsatz f\u00fcr die Bewohnerschaft zu bedanken und w\u00fcnscht den neugew\u00e4hlten Vertreter*innen viel Erfolg bei der neuen ehrenamtlichen Aufgabe. Gesch\u00e4ftsbereichsleitung Fr. Claudia Mauer bedankte sich ebenfalls bei den ausscheidenden Beir\u00e4ten und zeigte auf, welch wichtigen Aufgaben sich der neue Beirat zu stellen hat.<br \/>\nEbenfalls an diesem Nachmittag mit dabei, die drei Mitglieder des Wahlausschusses, Hr.\u00a0 List, Fr. Schinabeck und Fr. Hemerka, die zusammen mit Oskar Hecht die Wahlen durchf\u00fchrten. Somit ist an dieser Stelle noch von einer weiteren Ver\u00e4nderung zu berichten. Hr. Hecht \u00fcbergibt die Funktion des Bewohnervertrauensmanns an Hr. Torsten Latta, der diese Funktion zuk\u00fcnftig \u00fcbernimmt und so auch den Bewohnerbeirat begleitet.<\/p>\n<p>Nach der Verabschiedung fanden noch die Wahlen der \u00c4mter in der Bewohnervertretung statt.<\/p>\n<p>Gew\u00e4hlt wurden:<\/p>\n<p>Francesca Paul zur 1. Vorsitzenden<\/p>\n<p>Alexander Mogilewski zum 2. Vorsitzenden<\/p>\n<p>Schriftf\u00fchrer wurde Hr. Kristian Litke<\/p>\n<p>Viel Erfolg allen neuen Funktionstr\u00e4gern.<\/p>\n","protected":false},"excerpt":{"rendered":"<p>Mit \u00fcber 57 % Wahlbeteiligung war das Interesse an den Wahlen der Bewohnervertretung im St. Paulus Stift Neu\u00f6tting enorm gro\u00df. Sie fanden in der Woche vom 22. April bis zum \u2026<\/p>\n","protected":false},"author":2,"featured_media":8585,"comment_status":"closed","ping_status":"closed","sticky":false,"template":"","format":"standard","meta":{"_acf_changed":false,"footnotes":""},"categories":[31],"tags":[],"class_list":["post-8584","post","type-post","status-publish","format-standard","has-post-thumbnail","hentry","category-st-paulus-stift-neuoetting-news"],"acf":[],"publishpress_future_action":{"enabled":false,"date":"2026-05-07 12:13:14","action":"change-status","newStatus":"draft","terms":[],"taxonomy":"category","extraData":[]},"publishpress_future_workflow_manual_trigger":{"enabledWorkflows":[]},"_links":{"self":[{"href":"https:\/\/jfb-stiftung.de\/st-paulus-stift-neuoetting\/wp-json\/wp\/v2\/posts\/8584","targetHints":{"allow":["GET"]}}],"collection":[{"href":"https:\/\/jfb-stiftung.de\/st-paulus-stift-neuoetting\/wp-json\/wp\/v2\/posts"}],"about":[{"href":"https:\/\/jfb-stiftung.de\/st-paulus-stift-neuoetting\/wp-json\/wp\/v2\/types\/post"}],"author":[{"embeddable":true,"href":"https:\/\/jfb-stiftung.de\/st-paulus-stift-neuoetting\/wp-json\/wp\/v2\/users\/2"}],"replies":[{"embeddable":true,"href":"https:\/\/jfb-stiftung.de\/st-paulus-stift-neuoetting\/wp-json\/wp\/v2\/comments?post=8584"}],"version-history":[{"count":0,"href":"https:\/\/jfb-stiftung.de\/st-paulus-stift-neuoetting\/wp-json\/wp\/v2\/posts\/8584\/revisions"}],"wp:featuredmedia":[{"embeddable":true,"href":"https:\/\/jfb-stiftung.de\/st-paulus-stift-neuoetting\/wp-json\/wp\/v2\/media\/8585"}],"wp:attachment":[{"href":"https:\/\/jfb-stiftung.de\/st-paulus-stift-neuoetting\/wp-json\/wp\/v2\/media?parent=8584"}],"wp:term":[{"taxonomy":"category","embeddable":true,"href":"https:\/\/jfb-stiftung.de\/st-paulus-stift-neuoetting\/wp-json\/wp\/v2\/categories?post=8584"},{"taxonomy":"post_tag","embeddable":true,"href":"https:\/\/jfb-stiftung.de\/st-paulus-stift-neuoetting\/wp-json\/wp\/v2\/tags?post=8584"}],"curies":[{"name":"wp","href":"https:\/\/api.w.org\/{rel}","templated":true}]}}