{"id":8486,"date":"2024-06-20T11:46:34","date_gmt":"2024-06-20T09:46:34","guid":{"rendered":"https:\/\/jfb-stiftung.de\/st-paulus-stift-neuoetting\/?p=8486"},"modified":"2024-06-20T11:46:46","modified_gmt":"2024-06-20T09:46:46","slug":"sommerfest-auf-der-festwiese","status":"publish","type":"post","link":"https:\/\/jfb-stiftung.de\/st-paulus-stift-neuoetting\/sommerfest-auf-der-festwiese\/","title":{"rendered":"Sommerfest auf der Festwiese"},"content":{"rendered":"<p>Das Motto \u201eMittendrin statt nur dabei\u201c soll am Sonntag, den 14. Juli wieder durch das gro\u00dfe Sommerfest sichtbar werden. Die Bev\u00f6lkerung ist recht herzlich eingeladen.<br \/>\nDie Veranstaltung beginnt um 10:00 Uhr im Zelt auf der Festwiese des St. Paulus Stifts Neu\u00f6tting mit einem gemeinsamen Gottesdienst, den H.H. Stadtpfarrer Heribert Schauer zelebrieren wird. Die Einleitung des weltlichen Festes wird wieder durch den Neu\u00f6ttinger Spielmannszug vorgenommen. Die Zeltk\u00fcche h\u00e4lt dann ihre Schmankerl bereit. So bietet die hauseigene K\u00fcche einen Mittagstisch und am Nachmittag Kaffee &amp; Kuchen sowie Eiszauber an.<br \/>\nEin gut etabliertes Highlight sind die Buden, die ab 13:00 Uhr allerlei \u00dcberraschungen f\u00fcr die Besucher bereithalten. Die Menschen, die im St. Paulus Stift leben, haben sich im Vorfeld zusammen mit den Mitarbeitern viele verschiedene Spiele und Aktionen \u00fcberlegt. F\u00fcr Kinder ist das Mitmachen wie immer gratis, wobei eine kleine Spende jederzeit willkommen ist. Der F\u00f6rderverein des St. Paulus Stifts beteiligt sich ebenfalls mit einer Aktion, bei der es tolle Preise zu gewinnen gibt. Eingeladen sind auch Tanzgruppen und Showacts, die am Nachmittag bis 17:00 Uhr das Rahmenprogramm aufwerten. Insgesamt ein vielf\u00e4ltiges und buntes Programm, auf das sich die Besucher freuen d\u00fcrfen.<\/p>\n<p><a href=\"https:\/\/jfb-stiftung.de\/st-paulus-stift-neuoetting\/wp-content\/uploads\/sites\/9\/2024\/06\/Flyer-Sommerfest-SPS-NOe_lowres.png\" target=\"_blank\" rel=\"noopener\"><img fetchpriority=\"high\" decoding=\"async\" class=\"aligncenter wp-image-8487\" src=\"https:\/\/jfb-stiftung.de\/st-paulus-stift-neuoetting\/wp-content\/uploads\/sites\/9\/2024\/06\/Flyer-Sommerfest-SPS-NOe_lowres-705x1000.png\" alt=\"\" width=\"284\" height=\"403\" srcset=\"https:\/\/jfb-stiftung.de\/st-paulus-stift-neuoetting\/wp-content\/uploads\/sites\/9\/2024\/06\/Flyer-Sommerfest-SPS-NOe_lowres-705x1000.png 705w, https:\/\/jfb-stiftung.de\/st-paulus-stift-neuoetting\/wp-content\/uploads\/sites\/9\/2024\/06\/Flyer-Sommerfest-SPS-NOe_lowres-845x1200.png 845w, https:\/\/jfb-stiftung.de\/st-paulus-stift-neuoetting\/wp-content\/uploads\/sites\/9\/2024\/06\/Flyer-Sommerfest-SPS-NOe_lowres-768x1090.png 768w, https:\/\/jfb-stiftung.de\/st-paulus-stift-neuoetting\/wp-content\/uploads\/sites\/9\/2024\/06\/Flyer-Sommerfest-SPS-NOe_lowres-1082x1536.png 1082w, https:\/\/jfb-stiftung.de\/st-paulus-stift-neuoetting\/wp-content\/uploads\/sites\/9\/2024\/06\/Flyer-Sommerfest-SPS-NOe_lowres.png 1409w\" sizes=\"(max-width: 284px) 100vw, 284px\" \/><\/a><\/p>\n","protected":false},"excerpt":{"rendered":"<p>Das Motto \u201eMittendrin statt nur dabei\u201c soll am Sonntag, den 14. Juli wieder durch das gro\u00dfe Sommerfest sichtbar werden. Die Bev\u00f6lkerung ist recht herzlich eingeladen. Die Veranstaltung beginnt um 10:00 \u2026<\/p>\n","protected":false},"author":2,"featured_media":6944,"comment_status":"closed","ping_status":"closed","sticky":true,"template":"","format":"standard","meta":{"_acf_changed":false,"footnotes":""},"categories":[31],"tags":[],"class_list":["post-8486","post","type-post","status-publish","format-standard","has-post-thumbnail","hentry","category-st-paulus-stift-neuoetting-news"],"acf":[],"publishpress_future_action":{"enabled":false,"date":"2026-05-09 10:50:28","action":"change-status","newStatus":"draft","terms":[],"taxonomy":"category","extraData":[]},"publishpress_future_workflow_manual_trigger":{"enabledWorkflows":[]},"_links":{"self":[{"href":"https:\/\/jfb-stiftung.de\/st-paulus-stift-neuoetting\/wp-json\/wp\/v2\/posts\/8486","targetHints":{"allow":["GET"]}}],"collection":[{"href":"https:\/\/jfb-stiftung.de\/st-paulus-stift-neuoetting\/wp-json\/wp\/v2\/posts"}],"about":[{"href":"https:\/\/jfb-stiftung.de\/st-paulus-stift-neuoetting\/wp-json\/wp\/v2\/types\/post"}],"author":[{"embeddable":true,"href":"https:\/\/jfb-stiftung.de\/st-paulus-stift-neuoetting\/wp-json\/wp\/v2\/users\/2"}],"replies":[{"embeddable":true,"href":"https:\/\/jfb-stiftung.de\/st-paulus-stift-neuoetting\/wp-json\/wp\/v2\/comments?post=8486"}],"version-history":[{"count":0,"href":"https:\/\/jfb-stiftung.de\/st-paulus-stift-neuoetting\/wp-json\/wp\/v2\/posts\/8486\/revisions"}],"wp:featuredmedia":[{"embeddable":true,"href":"https:\/\/jfb-stiftung.de\/st-paulus-stift-neuoetting\/wp-json\/wp\/v2\/media\/6944"}],"wp:attachment":[{"href":"https:\/\/jfb-stiftung.de\/st-paulus-stift-neuoetting\/wp-json\/wp\/v2\/media?parent=8486"}],"wp:term":[{"taxonomy":"category","embeddable":true,"href":"https:\/\/jfb-stiftung.de\/st-paulus-stift-neuoetting\/wp-json\/wp\/v2\/categories?post=8486"},{"taxonomy":"post_tag","embeddable":true,"href":"https:\/\/jfb-stiftung.de\/st-paulus-stift-neuoetting\/wp-json\/wp\/v2\/tags?post=8486"}],"curies":[{"name":"wp","href":"https:\/\/api.w.org\/{rel}","templated":true}]}}