{"id":8426,"date":"2024-05-16T11:47:47","date_gmt":"2024-05-16T09:47:47","guid":{"rendered":"https:\/\/jfb-stiftung.de\/st-paulus-stift-neuoetting\/maiandacht-lasst-blumen-sprechen\/"},"modified":"2024-05-16T11:47:47","modified_gmt":"2024-05-16T09:47:47","slug":"maiandacht-lasst-blumen-sprechen","status":"publish","type":"post","link":"https:\/\/jfb-stiftung.de\/st-paulus-stift-neuoetting\/maiandacht-lasst-blumen-sprechen\/","title":{"rendered":"Maiandacht &#8222;Lasst Blumen sprechen&#8220;"},"content":{"rendered":"<p>Das Blumen wirklich sprechen k\u00f6nnen, hat sich bei der gemeinsamen Maiandacht an der Mariengrotte, die sich im oberen Park des St. Paulus Stifts befindet auf eindrucksvolle Weise erwiesen.<\/p>\n<p>Extra h\u00fcbsch herausgeputzt und mit frischen Blumen wurde die Grotte f\u00fcr diese Maiandacht hergerichtet. Und, wie soll es auch anders sein, konnten sich alle Anwesenden \u00fcber bestes Wetter freuen. Unser Paulus Chor unter der Leitung von Susi Starnecker-Raischl hat Marienlieder einstudiert und umrahmte die feierliche Maiandacht musikalisch. Pastoralassistent Natanael Hell leitete die Andacht und nahm alle mit auf eine Phantasiereise bei der, wie eingangs schon gesagt, Blumen sprechen k\u00f6nnen.<\/p>\n<p><img fetchpriority=\"high\" decoding=\"async\" class=\" wp-image-8431 alignnone\" src=\"https:\/\/jfb-stiftung.de\/st-paulus-stift-neuoetting\/wp-content\/uploads\/sites\/9\/2024\/05\/Maiandacht-2024-2-750x1000.jpg\" alt=\"\" width=\"234\" height=\"312\" srcset=\"https:\/\/jfb-stiftung.de\/st-paulus-stift-neuoetting\/wp-content\/uploads\/sites\/9\/2024\/05\/Maiandacht-2024-2-750x1000.jpg 750w, https:\/\/jfb-stiftung.de\/st-paulus-stift-neuoetting\/wp-content\/uploads\/sites\/9\/2024\/05\/Maiandacht-2024-2-900x1200.jpg 900w, https:\/\/jfb-stiftung.de\/st-paulus-stift-neuoetting\/wp-content\/uploads\/sites\/9\/2024\/05\/Maiandacht-2024-2-768x1024.jpg 768w, https:\/\/jfb-stiftung.de\/st-paulus-stift-neuoetting\/wp-content\/uploads\/sites\/9\/2024\/05\/Maiandacht-2024-2-1152x1536.jpg 1152w, https:\/\/jfb-stiftung.de\/st-paulus-stift-neuoetting\/wp-content\/uploads\/sites\/9\/2024\/05\/Maiandacht-2024-2.jpg 1500w\" sizes=\"(max-width: 234px) 100vw, 234px\" \/> <img decoding=\"async\" class=\" wp-image-8430 alignnone\" src=\"https:\/\/jfb-stiftung.de\/st-paulus-stift-neuoetting\/wp-content\/uploads\/sites\/9\/2024\/05\/Maiandacht-2024-3-750x1000.jpg\" alt=\"\" width=\"233\" height=\"311\" srcset=\"https:\/\/jfb-stiftung.de\/st-paulus-stift-neuoetting\/wp-content\/uploads\/sites\/9\/2024\/05\/Maiandacht-2024-3-750x1000.jpg 750w, https:\/\/jfb-stiftung.de\/st-paulus-stift-neuoetting\/wp-content\/uploads\/sites\/9\/2024\/05\/Maiandacht-2024-3-900x1200.jpg 900w, https:\/\/jfb-stiftung.de\/st-paulus-stift-neuoetting\/wp-content\/uploads\/sites\/9\/2024\/05\/Maiandacht-2024-3-768x1024.jpg 768w, https:\/\/jfb-stiftung.de\/st-paulus-stift-neuoetting\/wp-content\/uploads\/sites\/9\/2024\/05\/Maiandacht-2024-3-1152x1536.jpg 1152w, https:\/\/jfb-stiftung.de\/st-paulus-stift-neuoetting\/wp-content\/uploads\/sites\/9\/2024\/05\/Maiandacht-2024-3.jpg 1500w\" sizes=\"(max-width: 233px) 100vw, 233px\" \/> <img decoding=\"async\" class=\" wp-image-8429 alignnone\" src=\"https:\/\/jfb-stiftung.de\/st-paulus-stift-neuoetting\/wp-content\/uploads\/sites\/9\/2024\/05\/Maiandacht-2024-Website-1000x551.jpg\" alt=\"\" width=\"568\" height=\"313\" srcset=\"https:\/\/jfb-stiftung.de\/st-paulus-stift-neuoetting\/wp-content\/uploads\/sites\/9\/2024\/05\/Maiandacht-2024-Website-1000x551.jpg 1000w, https:\/\/jfb-stiftung.de\/st-paulus-stift-neuoetting\/wp-content\/uploads\/sites\/9\/2024\/05\/Maiandacht-2024-Website-768x423.jpg 768w, https:\/\/jfb-stiftung.de\/st-paulus-stift-neuoetting\/wp-content\/uploads\/sites\/9\/2024\/05\/Maiandacht-2024-Website.jpg 1200w\" sizes=\"(max-width: 568px) 100vw, 568px\" \/> <img loading=\"lazy\" decoding=\"async\" class=\" wp-image-8428 alignnone\" src=\"https:\/\/jfb-stiftung.de\/st-paulus-stift-neuoetting\/wp-content\/uploads\/sites\/9\/2024\/05\/Maiandacht-2024-5-750x1000.jpg\" alt=\"\" width=\"235\" height=\"313\" srcset=\"https:\/\/jfb-stiftung.de\/st-paulus-stift-neuoetting\/wp-content\/uploads\/sites\/9\/2024\/05\/Maiandacht-2024-5-750x1000.jpg 750w, https:\/\/jfb-stiftung.de\/st-paulus-stift-neuoetting\/wp-content\/uploads\/sites\/9\/2024\/05\/Maiandacht-2024-5-900x1200.jpg 900w, https:\/\/jfb-stiftung.de\/st-paulus-stift-neuoetting\/wp-content\/uploads\/sites\/9\/2024\/05\/Maiandacht-2024-5-768x1024.jpg 768w, https:\/\/jfb-stiftung.de\/st-paulus-stift-neuoetting\/wp-content\/uploads\/sites\/9\/2024\/05\/Maiandacht-2024-5-1152x1536.jpg 1152w, https:\/\/jfb-stiftung.de\/st-paulus-stift-neuoetting\/wp-content\/uploads\/sites\/9\/2024\/05\/Maiandacht-2024-5.jpg 1500w\" sizes=\"(max-width: 235px) 100vw, 235px\" \/><\/p>\n","protected":false},"excerpt":{"rendered":"<p>Das Blumen wirklich sprechen k\u00f6nnen, hat sich bei der gemeinsamen Maiandacht an der Mariengrotte, die sich im oberen Park des St. Paulus Stifts befindet auf eindrucksvolle Weise erwiesen. Extra h\u00fcbsch \u2026<\/p>\n","protected":false},"author":2,"featured_media":8427,"comment_status":"closed","ping_status":"closed","sticky":false,"template":"","format":"standard","meta":{"_acf_changed":false,"footnotes":""},"categories":[31],"tags":[],"class_list":["post-8426","post","type-post","status-publish","format-standard","has-post-thumbnail","hentry","category-st-paulus-stift-neuoetting-news"],"acf":[],"publishpress_future_action":{"enabled":false,"date":"2026-05-09 10:52:43","action":"change-status","newStatus":"draft","terms":[],"taxonomy":"category","extraData":[]},"publishpress_future_workflow_manual_trigger":{"enabledWorkflows":[]},"_links":{"self":[{"href":"https:\/\/jfb-stiftung.de\/st-paulus-stift-neuoetting\/wp-json\/wp\/v2\/posts\/8426","targetHints":{"allow":["GET"]}}],"collection":[{"href":"https:\/\/jfb-stiftung.de\/st-paulus-stift-neuoetting\/wp-json\/wp\/v2\/posts"}],"about":[{"href":"https:\/\/jfb-stiftung.de\/st-paulus-stift-neuoetting\/wp-json\/wp\/v2\/types\/post"}],"author":[{"embeddable":true,"href":"https:\/\/jfb-stiftung.de\/st-paulus-stift-neuoetting\/wp-json\/wp\/v2\/users\/2"}],"replies":[{"embeddable":true,"href":"https:\/\/jfb-stiftung.de\/st-paulus-stift-neuoetting\/wp-json\/wp\/v2\/comments?post=8426"}],"version-history":[{"count":0,"href":"https:\/\/jfb-stiftung.de\/st-paulus-stift-neuoetting\/wp-json\/wp\/v2\/posts\/8426\/revisions"}],"wp:featuredmedia":[{"embeddable":true,"href":"https:\/\/jfb-stiftung.de\/st-paulus-stift-neuoetting\/wp-json\/wp\/v2\/media\/8427"}],"wp:attachment":[{"href":"https:\/\/jfb-stiftung.de\/st-paulus-stift-neuoetting\/wp-json\/wp\/v2\/media?parent=8426"}],"wp:term":[{"taxonomy":"category","embeddable":true,"href":"https:\/\/jfb-stiftung.de\/st-paulus-stift-neuoetting\/wp-json\/wp\/v2\/categories?post=8426"},{"taxonomy":"post_tag","embeddable":true,"href":"https:\/\/jfb-stiftung.de\/st-paulus-stift-neuoetting\/wp-json\/wp\/v2\/tags?post=8426"}],"curies":[{"name":"wp","href":"https:\/\/api.w.org\/{rel}","templated":true}]}}