{"id":8409,"date":"2024-05-14T10:19:14","date_gmt":"2024-05-14T08:19:14","guid":{"rendered":"https:\/\/jfb-stiftung.de\/st-paulus-stift-neuoetting\/eucharistie-feiern-im-st-paulus-stift\/"},"modified":"2024-05-14T10:20:53","modified_gmt":"2024-05-14T08:20:53","slug":"eucharistie-feiern-im-st-paulus-stift","status":"publish","type":"post","link":"https:\/\/jfb-stiftung.de\/st-paulus-stift-neuoetting\/eucharistie-feiern-im-st-paulus-stift\/","title":{"rendered":"Eucharistie feiern im St. Paulus Stift"},"content":{"rendered":"<p>Und so machten sie sich auf den Weg nach Emmaus<\/p>\n<p>Zwei J\u00fcnger sind auf dem Weg nach Emmaus, einem Dorf in der N\u00e4he von Jerusalem. Einem Unbekannten, der unterwegs zu ihnen st\u00f6\u00dft, erz\u00e4hlen sie, was sie erlebt haben. Und dass die Frauen erz\u00e4hlt h\u00e4tten, Jesu sei auferstanden von den Toten. Der Fremde versucht ihnen zu erkl\u00e4ren, was am Grab geschehen ist, doch sie begreifen nicht. Erst als er das Brot bricht, wird ihnen klar: Der Fremde ist der auferstandene Jesus und sie haben ihn auf ihrem Weg getroffen.<\/p>\n<p>So wird die Geschichte vom Emmausgang im Lukasevangelium (Lk 24, 13-35) erz\u00e4hlt.<\/p>\n<p>Und genau diesen Weg, dieses Ereignis empfanden die Besucher*innen des Gottesdienstes in unserer Dreifaltigkeitskirche zusammen mit Pastoralassistenten Natanael Hell nach.<\/p>\n<p>Sich auf den Weg machen. Der Weg zur Kirche hin, der Gang nach Emmaus, so wie Lukas es beschreiben hat. Nathanael empfing die Gottesdienstbesucher am 27. April, bei sch\u00f6nstem Fr\u00fchlingswetter am Hangaufzug und erz\u00e4hlte auf dem Weg zur Kirche die Geschichte, die sich damals nach der Auferstehung zutrug.<\/p>\n<p>Eine besonders sch\u00f6ne Erfahrung von Eucharistie, ein Wort, das wiederum aus dem Griechischen abgeleitet wird und \u201eDanksagung\u201c bedeutet.<\/p>\n<p>Und die J\u00fcnger erkannten ihn, als er das Brot brach. So gab es am Ende f\u00fcr jede*n Besucher*in ein Emmaus \u2013 Weckerl, als Wegzehrung auf dem Nachhauseweg.<\/p>\n<p>Danke sagen wir f\u00fcr diesen sch\u00f6nen Samstag im April.<\/p>\n<p>&nbsp;<\/p>\n<p><img fetchpriority=\"high\" decoding=\"async\" class=\"alignnone wp-image-8411\" src=\"https:\/\/jfb-stiftung.de\/wp-content\/uploads\/2024\/05\/Weg-nach-Emmaus-2-750x1000.jpg\" alt=\"\" width=\"333\" height=\"444\"> <img decoding=\"async\" class=\" wp-image-8410 alignnone\" src=\"https:\/\/jfb-stiftung.de\/st-paulus-stift-neuoetting\/wp-content\/uploads\/sites\/9\/2024\/05\/Weg-nach-Emmaus-3-750x1000.jpg\" alt=\"\" width=\"332\" height=\"443\" srcset=\"https:\/\/jfb-stiftung.de\/st-paulus-stift-neuoetting\/wp-content\/uploads\/sites\/9\/2024\/05\/Weg-nach-Emmaus-3-750x1000.jpg 750w, https:\/\/jfb-stiftung.de\/st-paulus-stift-neuoetting\/wp-content\/uploads\/sites\/9\/2024\/05\/Weg-nach-Emmaus-3-900x1200.jpg 900w, https:\/\/jfb-stiftung.de\/st-paulus-stift-neuoetting\/wp-content\/uploads\/sites\/9\/2024\/05\/Weg-nach-Emmaus-3-768x1024.jpg 768w, https:\/\/jfb-stiftung.de\/st-paulus-stift-neuoetting\/wp-content\/uploads\/sites\/9\/2024\/05\/Weg-nach-Emmaus-3-1152x1536.jpg 1152w, https:\/\/jfb-stiftung.de\/st-paulus-stift-neuoetting\/wp-content\/uploads\/sites\/9\/2024\/05\/Weg-nach-Emmaus-3.jpg 1500w\" sizes=\"(max-width: 332px) 100vw, 332px\" \/><\/p>\n","protected":false},"excerpt":{"rendered":"<p>Und so machten sie sich auf den Weg nach Emmaus Zwei J\u00fcnger sind auf dem Weg nach Emmaus, einem Dorf in der N\u00e4he von Jerusalem. Einem Unbekannten, der unterwegs zu \u2026<\/p>\n","protected":false},"author":2,"featured_media":8412,"comment_status":"closed","ping_status":"closed","sticky":false,"template":"","format":"standard","meta":{"_acf_changed":false,"footnotes":""},"categories":[31],"tags":[],"class_list":["post-8409","post","type-post","status-publish","format-standard","has-post-thumbnail","hentry","category-st-paulus-stift-neuoetting-news"],"acf":[],"publishpress_future_action":{"enabled":false,"date":"2026-05-09 10:51:07","action":"change-status","newStatus":"draft","terms":[],"taxonomy":"category","extraData":[]},"publishpress_future_workflow_manual_trigger":{"enabledWorkflows":[]},"_links":{"self":[{"href":"https:\/\/jfb-stiftung.de\/st-paulus-stift-neuoetting\/wp-json\/wp\/v2\/posts\/8409","targetHints":{"allow":["GET"]}}],"collection":[{"href":"https:\/\/jfb-stiftung.de\/st-paulus-stift-neuoetting\/wp-json\/wp\/v2\/posts"}],"about":[{"href":"https:\/\/jfb-stiftung.de\/st-paulus-stift-neuoetting\/wp-json\/wp\/v2\/types\/post"}],"author":[{"embeddable":true,"href":"https:\/\/jfb-stiftung.de\/st-paulus-stift-neuoetting\/wp-json\/wp\/v2\/users\/2"}],"replies":[{"embeddable":true,"href":"https:\/\/jfb-stiftung.de\/st-paulus-stift-neuoetting\/wp-json\/wp\/v2\/comments?post=8409"}],"version-history":[{"count":0,"href":"https:\/\/jfb-stiftung.de\/st-paulus-stift-neuoetting\/wp-json\/wp\/v2\/posts\/8409\/revisions"}],"wp:featuredmedia":[{"embeddable":true,"href":"https:\/\/jfb-stiftung.de\/st-paulus-stift-neuoetting\/wp-json\/wp\/v2\/media\/8412"}],"wp:attachment":[{"href":"https:\/\/jfb-stiftung.de\/st-paulus-stift-neuoetting\/wp-json\/wp\/v2\/media?parent=8409"}],"wp:term":[{"taxonomy":"category","embeddable":true,"href":"https:\/\/jfb-stiftung.de\/st-paulus-stift-neuoetting\/wp-json\/wp\/v2\/categories?post=8409"},{"taxonomy":"post_tag","embeddable":true,"href":"https:\/\/jfb-stiftung.de\/st-paulus-stift-neuoetting\/wp-json\/wp\/v2\/tags?post=8409"}],"curies":[{"name":"wp","href":"https:\/\/api.w.org\/{rel}","templated":true}]}}