{"id":8392,"date":"2024-05-13T08:16:49","date_gmt":"2024-05-13T06:16:49","guid":{"rendered":"https:\/\/jfb-stiftung.de\/st-paulus-stift-neuoetting\/united-in-dreams-inklusives-kartrennen\/"},"modified":"2024-05-13T08:16:49","modified_gmt":"2024-05-13T06:16:49","slug":"united-in-dreams-inklusives-kartrennen","status":"publish","type":"post","link":"https:\/\/jfb-stiftung.de\/st-paulus-stift-neuoetting\/united-in-dreams-inklusives-kartrennen\/","title":{"rendered":"United in Dreams &#8211; Inklusives Kartrennen"},"content":{"rendered":"<p>Zum dritten Mal fand am Sonntag, den 5.5.2024 das inklusive Kartrennen am Dultplatz in Neu\u00f6tting statt. Im Rahmen von mehreren Trainings- und zwei Wertungsl\u00e4ufen bewiesen einige Bewohner*innen der Wohngemeinschaft Michaelistra\u00dfe sowie der Wohngemeinschaft \u201eAm Stiftsbergerl\u201c ihr K\u00f6nnen. In der Mittagspause zeigte einer der Teilnehmer, welche H\u00f6chstleistungen man auch als Rollstuhlfahrer auf einer Super-Enduro vollbringen kann. Gro\u00dfer Jubel herrschte unter den Teilnehmerinnen und Teilnehmern als w\u00e4hrend der Siegerehrung bekannt wurde, dass sich zwei Bewohner des St. Paulus Stifts sowie eine Bewohnerin f\u00fcr das Finale beim ADAC Kartslalom-Bundeslauf in Garmisch-Partenkirchen qualifiziert haben. Alle Teilnehmerinnen und Teilnehmer waren sich einig, dass sie n\u00e4chstes Jahr wieder dabei sein werden.<\/p>\n<p><img fetchpriority=\"high\" decoding=\"async\" class=\" wp-image-8393 alignnone\" src=\"https:\/\/jfb-stiftung.de\/st-paulus-stift-neuoetting\/wp-content\/uploads\/sites\/9\/2024\/05\/Kartrennen-2024-4-1000x753.jpg\" alt=\"\" width=\"340\" height=\"256\" srcset=\"https:\/\/jfb-stiftung.de\/st-paulus-stift-neuoetting\/wp-content\/uploads\/sites\/9\/2024\/05\/Kartrennen-2024-4-1000x753.jpg 1000w, https:\/\/jfb-stiftung.de\/st-paulus-stift-neuoetting\/wp-content\/uploads\/sites\/9\/2024\/05\/Kartrennen-2024-4-1500x1129.jpg 1500w, https:\/\/jfb-stiftung.de\/st-paulus-stift-neuoetting\/wp-content\/uploads\/sites\/9\/2024\/05\/Kartrennen-2024-4-768x578.jpg 768w, https:\/\/jfb-stiftung.de\/st-paulus-stift-neuoetting\/wp-content\/uploads\/sites\/9\/2024\/05\/Kartrennen-2024-4-1536x1156.jpg 1536w, https:\/\/jfb-stiftung.de\/st-paulus-stift-neuoetting\/wp-content\/uploads\/sites\/9\/2024\/05\/Kartrennen-2024-4-2048x1541.jpg 2048w\" sizes=\"(max-width: 340px) 100vw, 340px\" \/> <img decoding=\"async\" class=\" wp-image-8394 alignnone\" src=\"https:\/\/jfb-stiftung.de\/st-paulus-stift-neuoetting\/wp-content\/uploads\/sites\/9\/2024\/05\/Kartrennen-2024-3-1000x709.jpg\" alt=\"\" width=\"361\" height=\"256\"> <img decoding=\"async\" class=\" wp-image-8395 alignnone\" src=\"https:\/\/jfb-stiftung.de\/st-paulus-stift-neuoetting\/wp-content\/uploads\/sites\/9\/2024\/05\/Kartrennen-2024-2-753x1000.jpg\" alt=\"\" width=\"193\" height=\"256\" srcset=\"https:\/\/jfb-stiftung.de\/st-paulus-stift-neuoetting\/wp-content\/uploads\/sites\/9\/2024\/05\/Kartrennen-2024-2-753x1000.jpg 753w, https:\/\/jfb-stiftung.de\/st-paulus-stift-neuoetting\/wp-content\/uploads\/sites\/9\/2024\/05\/Kartrennen-2024-2-904x1200.jpg 904w, https:\/\/jfb-stiftung.de\/st-paulus-stift-neuoetting\/wp-content\/uploads\/sites\/9\/2024\/05\/Kartrennen-2024-2-768x1020.jpg 768w, https:\/\/jfb-stiftung.de\/st-paulus-stift-neuoetting\/wp-content\/uploads\/sites\/9\/2024\/05\/Kartrennen-2024-2-1157x1536.jpg 1157w, https:\/\/jfb-stiftung.de\/st-paulus-stift-neuoetting\/wp-content\/uploads\/sites\/9\/2024\/05\/Kartrennen-2024-2-1542x2048.jpg 1542w, https:\/\/jfb-stiftung.de\/st-paulus-stift-neuoetting\/wp-content\/uploads\/sites\/9\/2024\/05\/Kartrennen-2024-2.jpg 1924w\" sizes=\"(max-width: 193px) 100vw, 193px\" \/><\/p>\n","protected":false},"excerpt":{"rendered":"<p>Zum dritten Mal fand am Sonntag, den 5.5.2024 das inklusive Kartrennen am Dultplatz in Neu\u00f6tting statt. Im Rahmen von mehreren Trainings- und zwei Wertungsl\u00e4ufen bewiesen einige Bewohner*innen der Wohngemeinschaft Michaelistra\u00dfe \u2026<\/p>\n","protected":false},"author":2,"featured_media":8396,"comment_status":"closed","ping_status":"closed","sticky":false,"template":"","format":"standard","meta":{"_acf_changed":false,"footnotes":""},"categories":[31],"tags":[],"class_list":["post-8392","post","type-post","status-publish","format-standard","has-post-thumbnail","hentry","category-st-paulus-stift-neuoetting-news"],"acf":[],"publishpress_future_action":{"enabled":false,"date":"2026-05-09 10:53:27","action":"change-status","newStatus":"draft","terms":[],"taxonomy":"category","extraData":[]},"publishpress_future_workflow_manual_trigger":{"enabledWorkflows":[]},"_links":{"self":[{"href":"https:\/\/jfb-stiftung.de\/st-paulus-stift-neuoetting\/wp-json\/wp\/v2\/posts\/8392","targetHints":{"allow":["GET"]}}],"collection":[{"href":"https:\/\/jfb-stiftung.de\/st-paulus-stift-neuoetting\/wp-json\/wp\/v2\/posts"}],"about":[{"href":"https:\/\/jfb-stiftung.de\/st-paulus-stift-neuoetting\/wp-json\/wp\/v2\/types\/post"}],"author":[{"embeddable":true,"href":"https:\/\/jfb-stiftung.de\/st-paulus-stift-neuoetting\/wp-json\/wp\/v2\/users\/2"}],"replies":[{"embeddable":true,"href":"https:\/\/jfb-stiftung.de\/st-paulus-stift-neuoetting\/wp-json\/wp\/v2\/comments?post=8392"}],"version-history":[{"count":0,"href":"https:\/\/jfb-stiftung.de\/st-paulus-stift-neuoetting\/wp-json\/wp\/v2\/posts\/8392\/revisions"}],"wp:featuredmedia":[{"embeddable":true,"href":"https:\/\/jfb-stiftung.de\/st-paulus-stift-neuoetting\/wp-json\/wp\/v2\/media\/8396"}],"wp:attachment":[{"href":"https:\/\/jfb-stiftung.de\/st-paulus-stift-neuoetting\/wp-json\/wp\/v2\/media?parent=8392"}],"wp:term":[{"taxonomy":"category","embeddable":true,"href":"https:\/\/jfb-stiftung.de\/st-paulus-stift-neuoetting\/wp-json\/wp\/v2\/categories?post=8392"},{"taxonomy":"post_tag","embeddable":true,"href":"https:\/\/jfb-stiftung.de\/st-paulus-stift-neuoetting\/wp-json\/wp\/v2\/tags?post=8392"}],"curies":[{"name":"wp","href":"https:\/\/api.w.org\/{rel}","templated":true}]}}