{"id":8371,"date":"2024-05-07T11:12:19","date_gmt":"2024-05-07T09:12:19","guid":{"rendered":"https:\/\/jfb-stiftung.de\/st-paulus-stift-neuoetting\/wiedersehen-nach-40-jahren\/"},"modified":"2024-05-07T11:12:19","modified_gmt":"2024-05-07T09:12:19","slug":"wiedersehen-nach-40-jahren","status":"publish","type":"post","link":"https:\/\/jfb-stiftung.de\/st-paulus-stift-neuoetting\/wiedersehen-nach-40-jahren\/","title":{"rendered":"Wiedersehen nach 40 Jahren"},"content":{"rendered":"<p>Ein gutes Gespr\u00e4ch, ein Zufall und eine engagierte Mitarbeiterin sorgte f\u00fcr ein wunderbares Zusammenfinden nach 40 Jahren. Unsere Mitarbeiterin aus der Wohngemeinschaft Katharina ist nicht nur bei uns, sondern auch in der BRK Tagespflege in Neu\u00f6tting t\u00e4tig. Dort k\u00fcmmert sie sich unter anderem auch um Frau Meier, die ihr erz\u00e4hlte, dass sie in ihren jungen Jahren einige Kinder aus dem St. Paulus Stift betreut hat (Konrad von Parzham Schule). Wie es der Zufall so will, nannte die Dame pl\u00f6tzlich einen Namen, den der Mitarbeiterin mehr als bekannt vorkam, n\u00e4mlich genau den, einer Bewohnerin aus der Gruppe Katharina, wo die Mitarbeiterin arbeitet. Schnell war klar, dass ein Wiedersehen her muss, den beide reagierten begeistert auf die Neuigkeit. Die Mitarbeiterin z\u00f6gerte nicht lange und organisierte am Freitag, den 3.5.24 ein Treffen, dass sie auch von Herzen gerne begleitete. &#8222;Es war so r\u00fchrend und so sch\u00f6n mit anzusehen, dass sich beide nicht nur gleich wieder erkannten, sondern auch furchtbar dar\u00fcber freuten&#8220;, erz\u00e4hlt die Mitarbeiterin. Bei Kaffee und Kuchen wurde viel gelacht und viel erz\u00e4hlt (von fr\u00fcher) und, wie sollte es anderes sein, gleich ein weiteres Treffen in der Tagespflege geplant. Herzlichen Dank f\u00fcr dieses tolle Engagement, ohne das ein Wiedersehen sicher nicht m\u00f6glich gewesen w\u00e4re.<\/p>\n","protected":false},"excerpt":{"rendered":"<p>Ein gutes Gespr\u00e4ch, ein Zufall und eine engagierte Mitarbeiterin sorgte f\u00fcr ein wunderbares Zusammenfinden nach 40 Jahren. Unsere Mitarbeiterin aus der Wohngemeinschaft Katharina ist nicht nur bei uns, sondern auch \u2026<\/p>\n","protected":false},"author":2,"featured_media":8369,"comment_status":"closed","ping_status":"closed","sticky":false,"template":"","format":"standard","meta":{"_acf_changed":false,"footnotes":""},"categories":[31],"tags":[],"class_list":["post-8371","post","type-post","status-publish","format-standard","has-post-thumbnail","hentry","category-st-paulus-stift-neuoetting-news"],"acf":[],"publishpress_future_action":{"enabled":false,"date":"2026-05-09 10:53:26","action":"change-status","newStatus":"draft","terms":[],"taxonomy":"category","extraData":[]},"publishpress_future_workflow_manual_trigger":{"enabledWorkflows":[]},"_links":{"self":[{"href":"https:\/\/jfb-stiftung.de\/st-paulus-stift-neuoetting\/wp-json\/wp\/v2\/posts\/8371","targetHints":{"allow":["GET"]}}],"collection":[{"href":"https:\/\/jfb-stiftung.de\/st-paulus-stift-neuoetting\/wp-json\/wp\/v2\/posts"}],"about":[{"href":"https:\/\/jfb-stiftung.de\/st-paulus-stift-neuoetting\/wp-json\/wp\/v2\/types\/post"}],"author":[{"embeddable":true,"href":"https:\/\/jfb-stiftung.de\/st-paulus-stift-neuoetting\/wp-json\/wp\/v2\/users\/2"}],"replies":[{"embeddable":true,"href":"https:\/\/jfb-stiftung.de\/st-paulus-stift-neuoetting\/wp-json\/wp\/v2\/comments?post=8371"}],"version-history":[{"count":0,"href":"https:\/\/jfb-stiftung.de\/st-paulus-stift-neuoetting\/wp-json\/wp\/v2\/posts\/8371\/revisions"}],"wp:featuredmedia":[{"embeddable":true,"href":"https:\/\/jfb-stiftung.de\/st-paulus-stift-neuoetting\/wp-json\/wp\/v2\/media\/8369"}],"wp:attachment":[{"href":"https:\/\/jfb-stiftung.de\/st-paulus-stift-neuoetting\/wp-json\/wp\/v2\/media?parent=8371"}],"wp:term":[{"taxonomy":"category","embeddable":true,"href":"https:\/\/jfb-stiftung.de\/st-paulus-stift-neuoetting\/wp-json\/wp\/v2\/categories?post=8371"},{"taxonomy":"post_tag","embeddable":true,"href":"https:\/\/jfb-stiftung.de\/st-paulus-stift-neuoetting\/wp-json\/wp\/v2\/tags?post=8371"}],"curies":[{"name":"wp","href":"https:\/\/api.w.org\/{rel}","templated":true}]}}