{"id":8163,"date":"2024-04-04T11:22:03","date_gmt":"2024-04-04T09:22:03","guid":{"rendered":"https:\/\/jfb-stiftung.de\/st-paulus-stift-neuoetting\/suesse-fruechtchen-ins-hochbeet-gepflanzt\/"},"modified":"2024-04-04T11:22:03","modified_gmt":"2024-04-04T09:22:03","slug":"suesse-fruechtchen-ins-hochbeet-gepflanzt","status":"publish","type":"post","link":"https:\/\/jfb-stiftung.de\/st-paulus-stift-neuoetting\/suesse-fruechtchen-ins-hochbeet-gepflanzt\/","title":{"rendered":"S\u00fc\u00dfe Fr\u00fcchtchen ins Hochbeet gepflanzt"},"content":{"rendered":"<p>Bei strahlendem Sonnenschein und angenehmen Temperaturen ging es vergangenen Samstag (30.3.2024) raus in den Garten. Wer Lust hatte in der Wohngemeinschaft Katharina durfte sich beim Einpflanzen der frischen Erdbeerpfl\u00e4nzchen austoben. Drei Bewohner*innen lie\u00dfen sich das nicht zweimal sagen und legten mit Harke und Schaufel gleich los. Mit dem Resultat waren alle sehr zufrieden und der Spa\u00df kam beim g\u00e4rtnern nat\u00fcrlich nicht zu kurz. Alle sind gespannt darauf, wie die Pflanzen nun wachsen und wann sie mit der Ernte der s\u00fc\u00dfen Fr\u00fcchtchen loslegen k\u00f6nnen. Denn das geh\u00f6rt auch dazu: Verantwortlich f\u00fcr das richtige Gie\u00dfen, d\u00fcngen und so weiter sind die Bewohner. Als Belohnung, ist ja klar, d\u00fcrfen sie dann auch das Ernten \u00fcbernehmen. Wir sind gespannt, welche tollen Gerichte aus den &#8222;St. Paulus Stift-Bio-Erdbeeren&#8220; in der WG-K\u00fcche zubereitet werden.<\/p>\n<p><img fetchpriority=\"high\" decoding=\"async\" class=\" wp-image-8165 alignnone\" src=\"https:\/\/jfb-stiftung.de\/st-paulus-stift-neuoetting\/wp-content\/uploads\/sites\/9\/2024\/04\/IMG_0496-1000x750.jpeg\" alt=\"\" width=\"332\" height=\"249\"> <img decoding=\"async\" class=\" wp-image-8164 alignnone\" src=\"https:\/\/jfb-stiftung.de\/st-paulus-stift-neuoetting\/wp-content\/uploads\/sites\/9\/2024\/04\/IMG_0498-750x1000.jpeg\" alt=\"\" width=\"186\" height=\"248\"><\/p>\n","protected":false},"excerpt":{"rendered":"<p>Bei strahlendem Sonnenschein und angenehmen Temperaturen ging es vergangenen Samstag (30.3.2024) raus in den Garten. Wer Lust hatte in der Wohngemeinschaft Katharina durfte sich beim Einpflanzen der frischen Erdbeerpfl\u00e4nzchen austoben. \u2026<\/p>\n","protected":false},"author":2,"featured_media":8166,"comment_status":"closed","ping_status":"closed","sticky":false,"template":"","format":"standard","meta":{"_acf_changed":false,"footnotes":""},"categories":[31],"tags":[],"class_list":["post-8163","post","type-post","status-publish","format-standard","has-post-thumbnail","hentry","category-st-paulus-stift-neuoetting-news"],"acf":[],"publishpress_future_action":{"enabled":false,"date":"2026-05-09 10:53:40","action":"change-status","newStatus":"draft","terms":[],"taxonomy":"category","extraData":[]},"publishpress_future_workflow_manual_trigger":{"enabledWorkflows":[]},"_links":{"self":[{"href":"https:\/\/jfb-stiftung.de\/st-paulus-stift-neuoetting\/wp-json\/wp\/v2\/posts\/8163","targetHints":{"allow":["GET"]}}],"collection":[{"href":"https:\/\/jfb-stiftung.de\/st-paulus-stift-neuoetting\/wp-json\/wp\/v2\/posts"}],"about":[{"href":"https:\/\/jfb-stiftung.de\/st-paulus-stift-neuoetting\/wp-json\/wp\/v2\/types\/post"}],"author":[{"embeddable":true,"href":"https:\/\/jfb-stiftung.de\/st-paulus-stift-neuoetting\/wp-json\/wp\/v2\/users\/2"}],"replies":[{"embeddable":true,"href":"https:\/\/jfb-stiftung.de\/st-paulus-stift-neuoetting\/wp-json\/wp\/v2\/comments?post=8163"}],"version-history":[{"count":0,"href":"https:\/\/jfb-stiftung.de\/st-paulus-stift-neuoetting\/wp-json\/wp\/v2\/posts\/8163\/revisions"}],"wp:featuredmedia":[{"embeddable":true,"href":"https:\/\/jfb-stiftung.de\/st-paulus-stift-neuoetting\/wp-json\/wp\/v2\/media\/8166"}],"wp:attachment":[{"href":"https:\/\/jfb-stiftung.de\/st-paulus-stift-neuoetting\/wp-json\/wp\/v2\/media?parent=8163"}],"wp:term":[{"taxonomy":"category","embeddable":true,"href":"https:\/\/jfb-stiftung.de\/st-paulus-stift-neuoetting\/wp-json\/wp\/v2\/categories?post=8163"},{"taxonomy":"post_tag","embeddable":true,"href":"https:\/\/jfb-stiftung.de\/st-paulus-stift-neuoetting\/wp-json\/wp\/v2\/tags?post=8163"}],"curies":[{"name":"wp","href":"https:\/\/api.w.org\/{rel}","templated":true}]}}