{"id":8154,"date":"2024-04-04T10:22:27","date_gmt":"2024-04-04T08:22:27","guid":{"rendered":"https:\/\/jfb-stiftung.de\/st-paulus-stift-neuoetting\/wir-sind-dabei-bildungsmesse-inn-salzach\/"},"modified":"2024-04-09T11:31:34","modified_gmt":"2024-04-09T09:31:34","slug":"wir-sind-dabei-bildungsmesse-inn-salzach","status":"publish","type":"post","link":"https:\/\/jfb-stiftung.de\/st-paulus-stift-neuoetting\/wir-sind-dabei-bildungsmesse-inn-salzach\/","title":{"rendered":"Wir sind dabei: Bildungsmesse Inn-Salzach"},"content":{"rendered":"<p>Es ist fast schon Tradition und wir sind gerne wieder dabei mit unserem neuen Messestand auf der Bildungsmesse Inn-Salzach auf dem Volksfestplatz M\u00fchldorf a. Inn am Freitag, den 12.4 und Samstag, den 13.4.2024 von jeweils 9 bis 16 Uhr. Die Bildungsmesse ist ein Gemeinschaftsprojekt der beiden Landkreise M\u00fchldorf a. Inn und Alt\u00f6tting sowie der IHK, der HWK, der Kreishandwerkerschaft\u00a0 und der Schulen. Mit \u00fcber 130 Ausstellern aus allen regionalen Branchen sowie den Bildungs- und Weiterbildungseinrichtungen der Region bildet die Messe eine gro\u00dfe Bandbreite an Informationen zu Aus- und Weiterbildungsm\u00f6glichkeiten an. Der pers\u00f6nliche Kontakt steht dabei im Mittelpunkt und sehr gerne k\u00f6nnt ihr euch mit all euren Fragen an unser Messeteam wenden. Dieses besteht auch aus angehende HEP\u00b4s (=Heilerziehungspfleger*innen), die aktuell ihre Ausbildung absolvieren und allen Interessierten hautnah von ihren Erfahrungen aus Schule und Praxis berichten. Auch ein Quereinstieg ist m\u00f6glich. Wie? Kommt vorbei!<strong> Ihr findet uns im ersten Zelt, Standnummer 462.<\/strong> Wir freuen uns auf Euch.<\/p>\n<p><img fetchpriority=\"high\" decoding=\"async\" class=\"aligncenter wp-image-9852 \" src=\"https:\/\/jfb-stiftung.de\/wp-content\/uploads\/2024\/01\/Plakat-Wir-sind-dabei-710x1000.png\" alt=\"\" width=\"423\" height=\"595\"><\/p>\n","protected":false},"excerpt":{"rendered":"<p>Es ist fast schon Tradition und wir sind gerne wieder dabei mit unserem neuen Messestand auf der Bildungsmesse Inn-Salzach auf dem Volksfestplatz M\u00fchldorf a. Inn am Freitag, den 12.4 und \u2026<\/p>\n","protected":false},"author":2,"featured_media":8155,"comment_status":"closed","ping_status":"closed","sticky":true,"template":"","format":"standard","meta":{"_acf_changed":false,"footnotes":""},"categories":[31],"tags":[],"class_list":["post-8154","post","type-post","status-publish","format-standard","has-post-thumbnail","hentry","category-st-paulus-stift-neuoetting-news"],"acf":[],"publishpress_future_action":{"enabled":false,"date":"2026-05-09 11:15:48","action":"change-status","newStatus":"draft","terms":[],"taxonomy":"category","extraData":[]},"publishpress_future_workflow_manual_trigger":{"enabledWorkflows":[]},"_links":{"self":[{"href":"https:\/\/jfb-stiftung.de\/st-paulus-stift-neuoetting\/wp-json\/wp\/v2\/posts\/8154","targetHints":{"allow":["GET"]}}],"collection":[{"href":"https:\/\/jfb-stiftung.de\/st-paulus-stift-neuoetting\/wp-json\/wp\/v2\/posts"}],"about":[{"href":"https:\/\/jfb-stiftung.de\/st-paulus-stift-neuoetting\/wp-json\/wp\/v2\/types\/post"}],"author":[{"embeddable":true,"href":"https:\/\/jfb-stiftung.de\/st-paulus-stift-neuoetting\/wp-json\/wp\/v2\/users\/2"}],"replies":[{"embeddable":true,"href":"https:\/\/jfb-stiftung.de\/st-paulus-stift-neuoetting\/wp-json\/wp\/v2\/comments?post=8154"}],"version-history":[{"count":0,"href":"https:\/\/jfb-stiftung.de\/st-paulus-stift-neuoetting\/wp-json\/wp\/v2\/posts\/8154\/revisions"}],"wp:featuredmedia":[{"embeddable":true,"href":"https:\/\/jfb-stiftung.de\/st-paulus-stift-neuoetting\/wp-json\/wp\/v2\/media\/8155"}],"wp:attachment":[{"href":"https:\/\/jfb-stiftung.de\/st-paulus-stift-neuoetting\/wp-json\/wp\/v2\/media?parent=8154"}],"wp:term":[{"taxonomy":"category","embeddable":true,"href":"https:\/\/jfb-stiftung.de\/st-paulus-stift-neuoetting\/wp-json\/wp\/v2\/categories?post=8154"},{"taxonomy":"post_tag","embeddable":true,"href":"https:\/\/jfb-stiftung.de\/st-paulus-stift-neuoetting\/wp-json\/wp\/v2\/tags?post=8154"}],"curies":[{"name":"wp","href":"https:\/\/api.w.org\/{rel}","templated":true}]}}