{"id":8045,"date":"2024-03-13T12:52:00","date_gmt":"2024-03-13T11:52:00","guid":{"rendered":"https:\/\/jfb-stiftung.de\/st-paulus-stift-neuoetting\/workshop-umgang-mit-sozialen-medien\/"},"modified":"2024-03-13T16:06:51","modified_gmt":"2024-03-13T15:06:51","slug":"workshop-umgang-mit-sozialen-medien","status":"publish","type":"post","link":"https:\/\/jfb-stiftung.de\/st-paulus-stift-neuoetting\/workshop-umgang-mit-sozialen-medien\/","title":{"rendered":"Workshop Umgang mit sozialen Medien"},"content":{"rendered":"<p>Im \u201eHaus des Sports M\u00fcnchen\u201c nahmen sechs Bewohnerinnen und Bewohner der WG Michaelistra\u00dfe am Seminar \u201eUmgang mit sozialen Medien\u201c von Special Olympics Bayern teil. Nach einer kurzen Begr\u00fc\u00dfung und Vorstellungsrunde gestaltete die Referentin einen interessanten und kurzweiligen Tag. Gemeinsam suchten die Teilnehmerinnen und Teilnehmer eine Definition f\u00fcr den Begriff \u201eSocial Media\u201c und \u00fcberlegten, was man alles darauf machen kann und welche Informationen man teilen m\u00f6chte bzw. welches Foto oder Video man \u00fcberhaupt teilen darf.<\/p>\n<p>Im Anschluss standen Influencer &amp; Co. im Mittelpunkt der Fortbildung. Besonders intensiv wurde die Frage \u201eIst alles, was man auf Social Media sieht, echt?\u201c diskutiert und mit verschiedenen Bildern widerlegt. Den Abschluss bildete ein Quiz zu \u201eFake News\u201c. Hierzu stellte die Referentin Nachrichten oder Bilder vor und die Teilnehmerinnen und Teilnehmer mussten gemeinsam entscheiden, ob es sich um eine wahre Meldung oder um \u201eFake News\u201c handelte. Eindrucksvoll erfuhren die Anwesenden hierbei pers\u00f6nlich, wie schwer es ist, den Wahrheitsgehalt einer Nachricht zu erkennen. Die Referentin forderte die Zuh\u00f6rer*innen auf, im Zweifelsfall die Nachricht nicht weiterzugeben oder einen Fakten-Check aus dem Internet zu benutzen.<\/p>\n<p>Vor der Heimfahrt erhielten alle Teilnehmerinnen und Teilnehmer ein Zertifikat, dass ihnen die Grundlagen im Umgang mit sozialen Medien best\u00e4tigt. Alle waren sich einig, dass es ein gelungener und interessanter Tag war. Die erlernten Grundlagen wollen alle in Zukunft in ihrem Verhalten mit sozialen Medien umsetzen.<\/p>\n<p>&nbsp;<\/p>\n<p><img fetchpriority=\"high\" decoding=\"async\" class=\" wp-image-8047 alignnone\" src=\"https:\/\/jfb-stiftung.de\/st-paulus-stift-neuoetting\/wp-content\/uploads\/sites\/9\/2024\/03\/20240224_101403-1000x575.jpg\" alt=\"\" width=\"492\" height=\"283\"> <img decoding=\"async\" class=\" wp-image-8046 alignnone\" src=\"https:\/\/jfb-stiftung.de\/st-paulus-stift-neuoetting\/wp-content\/uploads\/sites\/9\/2024\/03\/20240224_100736-1000x622.jpg\" alt=\"\" width=\"453\" height=\"282\"><\/p>\n","protected":false},"excerpt":{"rendered":"<p>Im \u201eHaus des Sports M\u00fcnchen\u201c nahmen sechs Bewohnerinnen und Bewohner der WG Michaelistra\u00dfe am Seminar \u201eUmgang mit sozialen Medien\u201c von Special Olympics Bayern teil. Nach einer kurzen Begr\u00fc\u00dfung und Vorstellungsrunde \u2026<\/p>\n","protected":false},"author":2,"featured_media":8048,"comment_status":"closed","ping_status":"closed","sticky":false,"template":"","format":"standard","meta":{"_acf_changed":false,"footnotes":""},"categories":[31],"tags":[],"class_list":["post-8045","post","type-post","status-publish","format-standard","has-post-thumbnail","hentry","category-st-paulus-stift-neuoetting-news"],"acf":[],"publishpress_future_action":{"enabled":false,"date":"2026-05-09 11:12:01","action":"change-status","newStatus":"draft","terms":[],"taxonomy":"category","extraData":[]},"publishpress_future_workflow_manual_trigger":{"enabledWorkflows":[]},"_links":{"self":[{"href":"https:\/\/jfb-stiftung.de\/st-paulus-stift-neuoetting\/wp-json\/wp\/v2\/posts\/8045","targetHints":{"allow":["GET"]}}],"collection":[{"href":"https:\/\/jfb-stiftung.de\/st-paulus-stift-neuoetting\/wp-json\/wp\/v2\/posts"}],"about":[{"href":"https:\/\/jfb-stiftung.de\/st-paulus-stift-neuoetting\/wp-json\/wp\/v2\/types\/post"}],"author":[{"embeddable":true,"href":"https:\/\/jfb-stiftung.de\/st-paulus-stift-neuoetting\/wp-json\/wp\/v2\/users\/2"}],"replies":[{"embeddable":true,"href":"https:\/\/jfb-stiftung.de\/st-paulus-stift-neuoetting\/wp-json\/wp\/v2\/comments?post=8045"}],"version-history":[{"count":0,"href":"https:\/\/jfb-stiftung.de\/st-paulus-stift-neuoetting\/wp-json\/wp\/v2\/posts\/8045\/revisions"}],"wp:featuredmedia":[{"embeddable":true,"href":"https:\/\/jfb-stiftung.de\/st-paulus-stift-neuoetting\/wp-json\/wp\/v2\/media\/8048"}],"wp:attachment":[{"href":"https:\/\/jfb-stiftung.de\/st-paulus-stift-neuoetting\/wp-json\/wp\/v2\/media?parent=8045"}],"wp:term":[{"taxonomy":"category","embeddable":true,"href":"https:\/\/jfb-stiftung.de\/st-paulus-stift-neuoetting\/wp-json\/wp\/v2\/categories?post=8045"},{"taxonomy":"post_tag","embeddable":true,"href":"https:\/\/jfb-stiftung.de\/st-paulus-stift-neuoetting\/wp-json\/wp\/v2\/tags?post=8045"}],"curies":[{"name":"wp","href":"https:\/\/api.w.org\/{rel}","templated":true}]}}