{"id":8043,"date":"2024-03-13T10:54:54","date_gmt":"2024-03-13T09:54:54","guid":{"rendered":"https:\/\/jfb-stiftung.de\/st-paulus-stift-neuoetting\/wenn-einer-eine-reise-tut\/"},"modified":"2024-03-13T16:09:22","modified_gmt":"2024-03-13T15:09:22","slug":"wenn-einer-eine-reise-tut","status":"publish","type":"post","link":"https:\/\/jfb-stiftung.de\/st-paulus-stift-neuoetting\/wenn-einer-eine-reise-tut\/","title":{"rendered":"Wenn einer eine Reise tut\u2026"},"content":{"rendered":"<p>\u2026dann kann er was erz\u00e4hlen. Drum n\u00e4hme ich den Stock und Hut und t\u00e4t das Reisen w\u00e4hlen. \u201c Matthias Claudius (1740-1815)<br \/>\nDen ersten Teil dieses Versleins kennt fast ein Jeder, den zweiten Teil wahrscheinlich schon Wenigere. Und, dass Matthias Claudius diesen Satz wohl einmal gepr\u00e4gt hat, naja da muss man schon mal nachschauen, um das herauszufinden.<\/p>\n<p>Wie auch immer, wenn einer eine Reise tut, dann braucht es auch eine gute Planung. Egal, ob es in die Nachbarl\u00e4nder oder auf eine Fernreise geht, ob es ein Kurztrip oder eine Weltreise wird. Und genau deshalb trafen sich 25 Besucher*innen der F\u00f6rderst\u00e4tten und Seniorengruppen in der Aula mit den Studierenden des Oberkurses der HEP\u2013Schule Pfarrkirchen als Projektpartner, die f\u00fcr den 21. M\u00e4rz die Teilnehmer*innen auf vier \u201eReisen\u201c einladen werden.<\/p>\n<p>\u201eMit dem Finger auf der Landkarte\u201c, wurden zun\u00e4chst am Montag, den 11.03.24 die Reiseziele gemeinsam erkundet. Wie w\u00e4r\u00b4s mit Vive la France oder doch lieber Bella Italia, Australien ist auch im Rennen und f\u00fcr die Fernwehmenschen w\u00e4re ein Kurzurlaub in Aloha Hawaii mit im Angebot.<\/p>\n<p>Es gab also viel zu besprechen, zu planen und eben Vorbereitungen zu besprechen, damit am 21.M\u00e4rz die (Phantasie) Reisen beginnen k\u00f6nnen. Vorab schon mal ein \u201eLuftbild\u201c mit den Reiseteilnehmer*innen. \u00dcber die Reiseerlebnisse berichten wir sobald die Reisenden wieder Zuhause sind.<\/p>\n","protected":false},"excerpt":{"rendered":"<p>\u2026dann kann er was erz\u00e4hlen. Drum n\u00e4hme ich den Stock und Hut und t\u00e4t das Reisen w\u00e4hlen. \u201c Matthias Claudius (1740-1815) Den ersten Teil dieses Versleins kennt fast ein Jeder, \u2026<\/p>\n","protected":false},"author":2,"featured_media":8044,"comment_status":"closed","ping_status":"closed","sticky":false,"template":"","format":"standard","meta":{"_acf_changed":false,"footnotes":""},"categories":[31],"tags":[],"class_list":["post-8043","post","type-post","status-publish","format-standard","has-post-thumbnail","hentry","category-st-paulus-stift-neuoetting-news"],"acf":[],"publishpress_future_action":{"enabled":false,"date":"2026-05-09 10:50:30","action":"change-status","newStatus":"draft","terms":[],"taxonomy":"category","extraData":[]},"publishpress_future_workflow_manual_trigger":{"enabledWorkflows":[]},"_links":{"self":[{"href":"https:\/\/jfb-stiftung.de\/st-paulus-stift-neuoetting\/wp-json\/wp\/v2\/posts\/8043","targetHints":{"allow":["GET"]}}],"collection":[{"href":"https:\/\/jfb-stiftung.de\/st-paulus-stift-neuoetting\/wp-json\/wp\/v2\/posts"}],"about":[{"href":"https:\/\/jfb-stiftung.de\/st-paulus-stift-neuoetting\/wp-json\/wp\/v2\/types\/post"}],"author":[{"embeddable":true,"href":"https:\/\/jfb-stiftung.de\/st-paulus-stift-neuoetting\/wp-json\/wp\/v2\/users\/2"}],"replies":[{"embeddable":true,"href":"https:\/\/jfb-stiftung.de\/st-paulus-stift-neuoetting\/wp-json\/wp\/v2\/comments?post=8043"}],"version-history":[{"count":0,"href":"https:\/\/jfb-stiftung.de\/st-paulus-stift-neuoetting\/wp-json\/wp\/v2\/posts\/8043\/revisions"}],"wp:featuredmedia":[{"embeddable":true,"href":"https:\/\/jfb-stiftung.de\/st-paulus-stift-neuoetting\/wp-json\/wp\/v2\/media\/8044"}],"wp:attachment":[{"href":"https:\/\/jfb-stiftung.de\/st-paulus-stift-neuoetting\/wp-json\/wp\/v2\/media?parent=8043"}],"wp:term":[{"taxonomy":"category","embeddable":true,"href":"https:\/\/jfb-stiftung.de\/st-paulus-stift-neuoetting\/wp-json\/wp\/v2\/categories?post=8043"},{"taxonomy":"post_tag","embeddable":true,"href":"https:\/\/jfb-stiftung.de\/st-paulus-stift-neuoetting\/wp-json\/wp\/v2\/tags?post=8043"}],"curies":[{"name":"wp","href":"https:\/\/api.w.org\/{rel}","templated":true}]}}