{"id":7910,"date":"2024-02-29T09:54:37","date_gmt":"2024-02-29T08:54:37","guid":{"rendered":"https:\/\/jfb-stiftung.de\/st-paulus-stift-neuoetting\/gruesse-des-fruehlings\/"},"modified":"2024-02-29T09:54:37","modified_gmt":"2024-02-29T08:54:37","slug":"gruesse-des-fruehlings","status":"publish","type":"post","link":"https:\/\/jfb-stiftung.de\/st-paulus-stift-neuoetting\/gruesse-des-fruehlings\/","title":{"rendered":"Gr\u00fc\u00dfe des Fr\u00fchlings"},"content":{"rendered":"<p>Alle Jahre wieder\u2026.Hoppla, da sind wir jetzt liedtechnisch in die Weihnachtszeit gerutscht. Dennoch stimmt\u00b4s irgendwie, denn p\u00fcnktlich k\u00fcndigen die Krokusse im Garten der Katharinenburg den Fr\u00fchling an, trotzen den noch kalten N\u00e4chten und sagen uns: &#8222;Durchhalten, bald wird es w\u00e4rmer und der Fr\u00fchling kommt ins Land\u201c.<br \/>\nDie gespendeten Blumenzwiebeln erfreuen jedes Jahr sowohl Bewohner*innen, Mitarbeiter*innen als auch Spazierg\u00e4nger*innen.<br \/>\n2022 feierte das St. Paulus Stift sein 125-j\u00e4hriges Jubil\u00e4um. Der F\u00f6rderverein des St. Paulus Stifts spendete aus diesem Grund unglaubliche 12.000 Blumenzwiebeln, die zwei Wochen lang \u00fcber das gesamte Gel\u00e4nde des St. Paulus Stifts und der Katharinenburg verteilt wurden. So leiten die zahlreichen Hyazinthen, Narzissen, Tulpen, M\u00e4rzenbecher jedes Jahr den Fr\u00fchling im St. Paulus Stift ein und verwandeln die Gr\u00fcnanlagen in ein Bl\u00fctenmeer.<\/p>\n<p>&nbsp;<\/p>\n","protected":false},"excerpt":{"rendered":"<p>Alle Jahre wieder\u2026.Hoppla, da sind wir jetzt liedtechnisch in die Weihnachtszeit gerutscht. Dennoch stimmt\u00b4s irgendwie, denn p\u00fcnktlich k\u00fcndigen die Krokusse im Garten der Katharinenburg den Fr\u00fchling an, trotzen den noch \u2026<\/p>\n","protected":false},"author":2,"featured_media":7911,"comment_status":"closed","ping_status":"closed","sticky":false,"template":"","format":"standard","meta":{"_acf_changed":false,"footnotes":""},"categories":[31],"tags":[],"class_list":["post-7910","post","type-post","status-publish","format-standard","has-post-thumbnail","hentry","category-st-paulus-stift-neuoetting-news"],"acf":[],"publishpress_future_action":{"enabled":false,"date":"2026-05-09 10:51:44","action":"change-status","newStatus":"draft","terms":[],"taxonomy":"category","extraData":[]},"publishpress_future_workflow_manual_trigger":{"enabledWorkflows":[]},"_links":{"self":[{"href":"https:\/\/jfb-stiftung.de\/st-paulus-stift-neuoetting\/wp-json\/wp\/v2\/posts\/7910","targetHints":{"allow":["GET"]}}],"collection":[{"href":"https:\/\/jfb-stiftung.de\/st-paulus-stift-neuoetting\/wp-json\/wp\/v2\/posts"}],"about":[{"href":"https:\/\/jfb-stiftung.de\/st-paulus-stift-neuoetting\/wp-json\/wp\/v2\/types\/post"}],"author":[{"embeddable":true,"href":"https:\/\/jfb-stiftung.de\/st-paulus-stift-neuoetting\/wp-json\/wp\/v2\/users\/2"}],"replies":[{"embeddable":true,"href":"https:\/\/jfb-stiftung.de\/st-paulus-stift-neuoetting\/wp-json\/wp\/v2\/comments?post=7910"}],"version-history":[{"count":0,"href":"https:\/\/jfb-stiftung.de\/st-paulus-stift-neuoetting\/wp-json\/wp\/v2\/posts\/7910\/revisions"}],"wp:featuredmedia":[{"embeddable":true,"href":"https:\/\/jfb-stiftung.de\/st-paulus-stift-neuoetting\/wp-json\/wp\/v2\/media\/7911"}],"wp:attachment":[{"href":"https:\/\/jfb-stiftung.de\/st-paulus-stift-neuoetting\/wp-json\/wp\/v2\/media?parent=7910"}],"wp:term":[{"taxonomy":"category","embeddable":true,"href":"https:\/\/jfb-stiftung.de\/st-paulus-stift-neuoetting\/wp-json\/wp\/v2\/categories?post=7910"},{"taxonomy":"post_tag","embeddable":true,"href":"https:\/\/jfb-stiftung.de\/st-paulus-stift-neuoetting\/wp-json\/wp\/v2\/tags?post=7910"}],"curies":[{"name":"wp","href":"https:\/\/api.w.org\/{rel}","templated":true}]}}