{"id":7704,"date":"2024-01-22T08:04:04","date_gmt":"2024-01-22T07:04:04","guid":{"rendered":"https:\/\/jfb-stiftung.de\/st-paulus-stift-neuoetting\/interview-fuer-ein-buch\/"},"modified":"2024-01-22T08:06:51","modified_gmt":"2024-01-22T07:06:51","slug":"interview-fuer-ein-buch","status":"publish","type":"post","link":"https:\/\/jfb-stiftung.de\/st-paulus-stift-neuoetting\/interview-fuer-ein-buch\/","title":{"rendered":"Interview f\u00fcr ein Buch"},"content":{"rendered":"<p>Die Freude und zugegeben auch die Aufregung waren gro\u00df bei Susanne, die in der WG Michaelistra\u00dfe wohnt und Betreuer Stefan, denn sie wurden beide f\u00fcr ein Buch interviewt. Autorin Eva M\u00fcller m\u00f6chte gerne \u00fcber das Thema Trisomie 21 schreiben und damit zeigen, wie lebenswert das Leben von Menschen mit Trisomie 21 ist. In dem noch nicht ver\u00f6ffentlichten Buch werden viele Menschen portraitiert, dazu gibt es sachliche Informationen. Es soll f\u00fcr betroffene Eltern vom Zeitpunkt der Schwangerschaft an eine Hilfe sein und nat\u00fcrlich auch ein Buch f\u00fcr jeden anderen, der sich f\u00fcr dieses Thema interessiert. Stefan erz\u00e4hlt von seinen 16 Jahren Erfahrung als Begleiter in der Eingliederungshilfe. Bei der Vielseitigkeit seines Berufs kommt er ins Schw\u00e4rmen: \u201eUnd immer wieder lerne ich was Neues und immer wieder ist es toll, wenn ich meinen Wissensdurst, meine Neugierde f\u00fcr die Menschen gewinnbringend einbringen kann. Es klingt immer so pathetisch, aber meine Arbeit ist wirklich erf\u00fcllend. Ich darf jeden Bewohner richtig kennenlernen, mit den Familien arbeiten, neue Ideen entwickeln \u2013 das ist einfach sch\u00f6n.\u201c Einfach sch\u00f6n ist es meistens, aber auch nicht immer f\u00fcr Susanne, zum Beispiel sagt sie im Interview, dass sie sich w\u00fcnsche, dass die Leute netter und h\u00f6flicher zu ihr seien. Ein Buch das interessante Einblicke und etwas andere Sichtweisen auf Dinge verspricht. Der Erscheinungstermin des Buches steht noch nicht fest. Wir sind gespannt.<\/p>\n<p>&nbsp;<\/p>\n<p>&nbsp;<\/p>\n","protected":false},"excerpt":{"rendered":"<p>Die Freude und zugegeben auch die Aufregung waren gro\u00df bei Susanne, die in der WG Michaelistra\u00dfe wohnt und Betreuer Stefan, denn sie wurden beide f\u00fcr ein Buch interviewt. Autorin Eva \u2026<\/p>\n","protected":false},"author":2,"featured_media":7705,"comment_status":"closed","ping_status":"closed","sticky":false,"template":"","format":"standard","meta":{"_acf_changed":false,"footnotes":""},"categories":[31],"tags":[],"class_list":["post-7704","post","type-post","status-publish","format-standard","has-post-thumbnail","hentry","category-st-paulus-stift-neuoetting-news"],"acf":[],"publishpress_future_action":{"enabled":false,"date":"2026-05-09 11:58:17","action":"change-status","newStatus":"draft","terms":[],"taxonomy":"category","extraData":[]},"publishpress_future_workflow_manual_trigger":{"enabledWorkflows":[]},"_links":{"self":[{"href":"https:\/\/jfb-stiftung.de\/st-paulus-stift-neuoetting\/wp-json\/wp\/v2\/posts\/7704","targetHints":{"allow":["GET"]}}],"collection":[{"href":"https:\/\/jfb-stiftung.de\/st-paulus-stift-neuoetting\/wp-json\/wp\/v2\/posts"}],"about":[{"href":"https:\/\/jfb-stiftung.de\/st-paulus-stift-neuoetting\/wp-json\/wp\/v2\/types\/post"}],"author":[{"embeddable":true,"href":"https:\/\/jfb-stiftung.de\/st-paulus-stift-neuoetting\/wp-json\/wp\/v2\/users\/2"}],"replies":[{"embeddable":true,"href":"https:\/\/jfb-stiftung.de\/st-paulus-stift-neuoetting\/wp-json\/wp\/v2\/comments?post=7704"}],"version-history":[{"count":0,"href":"https:\/\/jfb-stiftung.de\/st-paulus-stift-neuoetting\/wp-json\/wp\/v2\/posts\/7704\/revisions"}],"wp:featuredmedia":[{"embeddable":true,"href":"https:\/\/jfb-stiftung.de\/st-paulus-stift-neuoetting\/wp-json\/wp\/v2\/media\/7705"}],"wp:attachment":[{"href":"https:\/\/jfb-stiftung.de\/st-paulus-stift-neuoetting\/wp-json\/wp\/v2\/media?parent=7704"}],"wp:term":[{"taxonomy":"category","embeddable":true,"href":"https:\/\/jfb-stiftung.de\/st-paulus-stift-neuoetting\/wp-json\/wp\/v2\/categories?post=7704"},{"taxonomy":"post_tag","embeddable":true,"href":"https:\/\/jfb-stiftung.de\/st-paulus-stift-neuoetting\/wp-json\/wp\/v2\/tags?post=7704"}],"curies":[{"name":"wp","href":"https:\/\/api.w.org\/{rel}","templated":true}]}}