{"id":7697,"date":"2024-01-18T12:43:21","date_gmt":"2024-01-18T11:43:21","guid":{"rendered":"https:\/\/jfb-stiftung.de\/st-paulus-stift-neuoetting\/neujahrsempfang-im-neuoettinger-stadtsaal\/"},"modified":"2024-01-18T12:43:21","modified_gmt":"2024-01-18T11:43:21","slug":"neujahrsempfang-im-neuoettinger-stadtsaal","status":"publish","type":"post","link":"https:\/\/jfb-stiftung.de\/st-paulus-stift-neuoetting\/neujahrsempfang-im-neuoettinger-stadtsaal\/","title":{"rendered":"Neujahrsempfang im Neu\u00f6ttinger Stadtsaal"},"content":{"rendered":"<p><strong>Nach vier Jahren Pause begr\u00fc\u00dften die Vorst\u00e4ndin der Jacob Friedrich Bussereau Stiftung Frau Christa Lichtenegger und die Gesch\u00e4ftsbereichsleiterin des St. Paulus Stifts Neu\u00f6tting Frau Claudia Mauer unter dem Motto \u201eZusammenhalt in schwierigen Zeiten\u201c am Donnerstag, den 11.01.2024 die rund 200 G\u00e4ste.<br \/>\n<\/strong>Neben der Mitarbeiterschaft durften als Ehreng\u00e4ste auch Dekan und Stadtpfarrer Heribert Schauer sowie Frau Ulrike Garschhammer, die hier als Vertreterin des F\u00f6rdervereins des St. Paulus Stifts anwesend war, herzlich begr\u00fc\u00dft werden. In den einleitenden Worten der Gesch\u00e4ftsbereichsleiterin des St. Paulus Stifts, wurde auf das ereignisreiche Jahr 2023 mit all seinen Herausforderungen, aber auch wunderbaren Momenten zur\u00fcckgeblickt. Passend zu dem virtuellen Jahresr\u00fcckblick, der mit zahlreichen Fotos best\u00fcckt, \u00fcber die Leinwand lief, erinnerte Claudia Mauer an die zahlreichen Feste und Veranstaltungen, die es im St. Paulus Stift gab \u2013 bei vielen waren auch B\u00fcrger aus Neu\u00f6tting mit dabei, wie zum Beispiel beim Sommerfest oder dem Adventsmarkt. In ihrer Rede erw\u00e4hnte sie auch das f\u00fcr 2024 weiterhin sehr wichtige Ziel, dem Fachkr\u00e4ftemangel, der allgemein immer wieder in den Medien diskutiert wird, entgegenzuwirken. Ein Schwerpunkt im Ausbildungskonzept des St. Paulus Stifts liegt deshalb darin, die eigenen Mitarbeiter zu Fachkr\u00e4ften zu qualifizieren und sie hierbei bestm\u00f6glich zu unterst\u00fctzen und aktiv zu begleiten. Mithilfe dieser Fokussierung konnten im zur\u00fcckliegenden Jahr wieder vier Mitarbeiterinnen erfolgreich ihre dreij\u00e4hrige Ausbildung zur Heilerziehungspflegerin abschlie\u00dfen. Und auch in diesem Jahr werden voraussichtlich f\u00fcnf Absolventen zu neuen Fachkr\u00e4ften in der Eingliederungshilfe ausgebildet sein. Claudia Mauer: \u201eAllen Auszubildenden gratuliere ich ganz herzlich zu ihrem bestandenen Abschluss der Heilerziehungsausbildung und allen Auszubildenden, die sich in ihrem letzten Ausbildungsjahr befinden, w\u00fcnsche ich viel Kraft und Erfolg.\u201c<br \/>\nF\u00fcr ihr tagt\u00e4gliches Engagement zum Wohl der Menschen und auch zu ihrer Teilhabe hier am Leben in der Stadt, bedankte sich die Vorst\u00e4ndin der Jacob Friedrich Bussereau Stiftung Frau Christa Lichtenegger recht herzlich bei allen Mitarbeitenden. Ein gro\u00dfer Dank ging auch an die Mitglieder des F\u00f6rdervereins des St. Paulus Stifts, der wie jedes Jahr viele Aktivit\u00e4ten und Sonderanschaffungen f\u00fcr die Bewohner unterst\u00fctzt bzw. finanziert hat.<br \/>\n\u201eEs braucht Zuversicht und Zusammenhalt in der Dienstgemeinschaft\u201c, so ihr Appell, den sie direkt an die Mitarbeitenden richtete. \u201eDie Krisen der Welt, die Kriege und Konflikte, die Inflation, die auch eine exorbitante Steigerung der Energiekosten im Jahr 2023 zur Folge hatte bzw. hat, sorgte daf\u00fcr, dass sich viele Menschen in einer gro\u00dfen Anspannung befinden, sowohl privat als auch beruflich\u201c, so Lichtenegger weiter. Abschlie\u00dfend \u00fcbermittelte die Vorst\u00e4ndin noch Dankesworte des Stiftungsrates an die Mitarbeiter.<br \/>\nBevor die Ehrung der langj\u00e4hrigen Mitarbeiter begann, richtete Dekan und Stadtpfarrer Heribert Schauer, der auch das St. Paulus Stift seelsorgerisch betreut, ein paar Gedanken an die Anwesenden. \u201eDie Gemeinschaft, das famili\u00e4re Ambiente in den Bereichen, die er, wenn er im St. Paulus Stift ist und wahrnimmt, bezeichnet er als wertvollstes Gut, dass es wie bereits in den Vorreden erw\u00e4hnt, gerade in Krisenzeiten auch f\u00fcr ihn das Wertvollste ist, was wir haben.\u201c<\/p>\n<p><img fetchpriority=\"high\" decoding=\"async\" class=\"aligncenter wp-image-7698\" src=\"https:\/\/jfb-stiftung.de\/wp-content\/uploads\/2024\/01\/Neujahrsempfang-2024_lowres-1000x662.jpg\" alt=\"\" width=\"507\" height=\"336\"><br \/>\nIm Bild v.l.<\/p>\n<p>Philipp Schwab Vorsitzender MAV, 15 Jahre, Alexandra Wimmer-Sterflinger 25 Jahre, Marlis Puls 40, Werner Haider 20 Jahre, Vorst\u00e4ndin Christa Lichtenegger, Andrea Hilger 30 Jahre, Annemarie Bach 30 Jahre, Neumayr Linda 10 Jahre, Andrea Jira 15, Monika Obermayer 30 Jahre, Marion Freidl 20 Jahre, Holzinger Daniela 25 Jahre, Eszter Altmannshofer 15 Jahre, Sharon Moor 20 Jahre, Anja Steindl 20 Jahre, Angela Bachmann 10 Jahre, Gesch\u00e4ftsbereichsleitung, Claudia Mauer.<\/p>\n<p>&nbsp;<\/p>\n","protected":false},"excerpt":{"rendered":"<p>Nach vier Jahren Pause begr\u00fc\u00dften die Vorst\u00e4ndin der Jacob Friedrich Bussereau Stiftung Frau Christa Lichtenegger und die Gesch\u00e4ftsbereichsleiterin des St. Paulus Stifts Neu\u00f6tting Frau Claudia Mauer unter dem Motto \u201eZusammenhalt \u2026<\/p>\n","protected":false},"author":2,"featured_media":7698,"comment_status":"closed","ping_status":"closed","sticky":false,"template":"","format":"standard","meta":{"_acf_changed":false,"footnotes":""},"categories":[31],"tags":[],"class_list":["post-7697","post","type-post","status-publish","format-standard","has-post-thumbnail","hentry","category-st-paulus-stift-neuoetting-news"],"acf":[],"publishpress_future_action":{"enabled":false,"date":"2026-05-09 10:50:29","action":"change-status","newStatus":"draft","terms":[],"taxonomy":"category","extraData":[]},"publishpress_future_workflow_manual_trigger":{"enabledWorkflows":[]},"_links":{"self":[{"href":"https:\/\/jfb-stiftung.de\/st-paulus-stift-neuoetting\/wp-json\/wp\/v2\/posts\/7697","targetHints":{"allow":["GET"]}}],"collection":[{"href":"https:\/\/jfb-stiftung.de\/st-paulus-stift-neuoetting\/wp-json\/wp\/v2\/posts"}],"about":[{"href":"https:\/\/jfb-stiftung.de\/st-paulus-stift-neuoetting\/wp-json\/wp\/v2\/types\/post"}],"author":[{"embeddable":true,"href":"https:\/\/jfb-stiftung.de\/st-paulus-stift-neuoetting\/wp-json\/wp\/v2\/users\/2"}],"replies":[{"embeddable":true,"href":"https:\/\/jfb-stiftung.de\/st-paulus-stift-neuoetting\/wp-json\/wp\/v2\/comments?post=7697"}],"version-history":[{"count":0,"href":"https:\/\/jfb-stiftung.de\/st-paulus-stift-neuoetting\/wp-json\/wp\/v2\/posts\/7697\/revisions"}],"wp:featuredmedia":[{"embeddable":true,"href":"https:\/\/jfb-stiftung.de\/st-paulus-stift-neuoetting\/wp-json\/wp\/v2\/media\/7698"}],"wp:attachment":[{"href":"https:\/\/jfb-stiftung.de\/st-paulus-stift-neuoetting\/wp-json\/wp\/v2\/media?parent=7697"}],"wp:term":[{"taxonomy":"category","embeddable":true,"href":"https:\/\/jfb-stiftung.de\/st-paulus-stift-neuoetting\/wp-json\/wp\/v2\/categories?post=7697"},{"taxonomy":"post_tag","embeddable":true,"href":"https:\/\/jfb-stiftung.de\/st-paulus-stift-neuoetting\/wp-json\/wp\/v2\/tags?post=7697"}],"curies":[{"name":"wp","href":"https:\/\/api.w.org\/{rel}","templated":true}]}}