{"id":7554,"date":"2023-12-18T11:32:58","date_gmt":"2023-12-18T10:32:58","guid":{"rendered":"https:\/\/jfb-stiftung.de\/st-paulus-stift-neuoetting\/a-lichtalweg\/"},"modified":"2023-12-19T08:26:38","modified_gmt":"2023-12-19T07:26:38","slug":"a-lichtalweg","status":"publish","type":"post","link":"https:\/\/jfb-stiftung.de\/st-paulus-stift-neuoetting\/a-lichtalweg\/","title":{"rendered":"\u201eA Lichtalweg\u201c"},"content":{"rendered":"<p>Die Zeit auf Weihnachten zu ist auch eine dunkle Zeit. In der Fr\u00fch wird es nicht richtig hell und am sp\u00e4ten Nachmittag wird es gleich wieder finster. Da ist\u00b4s dann der Brauch, dass man ein paar Lichter anz\u00fcndet. Auf dem Weg entlang, damit man dort hinfindet, wo man hinm\u00f6chte. Und so erstrahlten am sp\u00e4ten Donnerstag-Nachmittag (14.12.2023) hier im St. Paulus Stift zahlreiche Kerzen den Weg hin zur Kirche. So fanden die Besucher*innen der F\u00f6rderst\u00e4tte 1 und 2 sowie die G\u00e4ste aus der Konrad von Parzham Schule, die im St. Paulus Stift zu Besuch waren, gemeinsam den Weg.<br \/>\nAngekommen in der Kirche brannten \u00fcberall Kerzen: an den Kirchenb\u00e4nken, vorne am Hochaltar und auch auf den Seitenalt\u00e4ren. Dazu wurden Geschichten vom Licht erz\u00e4hlt und auch miteinander gesungen. Nachdem die Andacht beendet war, machte sich die Lichterprozession auf den Weg hinaus aus der Kirche und traf sich am Lagerfeuer, um bei Schokolebkuchen und Punsch den mit Kerzen hellerleuchteten Abend ausklingen zu lassen.<br \/>\nDer Adventsmarkt, das Adventsingen und der \u201eLichtalweg&#8220; schlie\u00dfen die Vorbereitung auf Weihnachten hin ab. Jetzt warten wir nur noch auf die Weihnachtsfeier im Stadtsaal und den vierten Adventssonntag, der gleichzeitig auch der Weihnachtsabend ist.<\/p>\n<p><img fetchpriority=\"high\" decoding=\"async\" class=\" wp-image-7555 alignnone\" src=\"https:\/\/jfb-stiftung.de\/st-paulus-stift-neuoetting\/wp-content\/uploads\/sites\/9\/2023\/12\/Lichtalweg_2023-4-750x1000.jpg\" alt=\"\" width=\"248\" height=\"330\"> <img decoding=\"async\" class=\" wp-image-7557 alignnone\" src=\"https:\/\/jfb-stiftung.de\/st-paulus-stift-neuoetting\/wp-content\/uploads\/sites\/9\/2023\/12\/Lichtalweg_2023-2-750x1000.jpg\" alt=\"\" width=\"248\" height=\"331\"><\/p>\n","protected":false},"excerpt":{"rendered":"<p>Die Zeit auf Weihnachten zu ist auch eine dunkle Zeit. In der Fr\u00fch wird es nicht richtig hell und am sp\u00e4ten Nachmittag wird es gleich wieder finster. Da ist\u00b4s dann \u2026<\/p>\n","protected":false},"author":2,"featured_media":7556,"comment_status":"closed","ping_status":"closed","sticky":false,"template":"","format":"standard","meta":{"_acf_changed":false,"footnotes":""},"categories":[31],"tags":[],"class_list":["post-7554","post","type-post","status-publish","format-standard","has-post-thumbnail","hentry","category-st-paulus-stift-neuoetting-news"],"acf":[],"publishpress_future_action":{"enabled":false,"date":"2026-05-09 10:53:04","action":"change-status","newStatus":"draft","terms":[],"taxonomy":"category","extraData":[]},"publishpress_future_workflow_manual_trigger":{"enabledWorkflows":[]},"_links":{"self":[{"href":"https:\/\/jfb-stiftung.de\/st-paulus-stift-neuoetting\/wp-json\/wp\/v2\/posts\/7554","targetHints":{"allow":["GET"]}}],"collection":[{"href":"https:\/\/jfb-stiftung.de\/st-paulus-stift-neuoetting\/wp-json\/wp\/v2\/posts"}],"about":[{"href":"https:\/\/jfb-stiftung.de\/st-paulus-stift-neuoetting\/wp-json\/wp\/v2\/types\/post"}],"author":[{"embeddable":true,"href":"https:\/\/jfb-stiftung.de\/st-paulus-stift-neuoetting\/wp-json\/wp\/v2\/users\/2"}],"replies":[{"embeddable":true,"href":"https:\/\/jfb-stiftung.de\/st-paulus-stift-neuoetting\/wp-json\/wp\/v2\/comments?post=7554"}],"version-history":[{"count":0,"href":"https:\/\/jfb-stiftung.de\/st-paulus-stift-neuoetting\/wp-json\/wp\/v2\/posts\/7554\/revisions"}],"wp:featuredmedia":[{"embeddable":true,"href":"https:\/\/jfb-stiftung.de\/st-paulus-stift-neuoetting\/wp-json\/wp\/v2\/media\/7556"}],"wp:attachment":[{"href":"https:\/\/jfb-stiftung.de\/st-paulus-stift-neuoetting\/wp-json\/wp\/v2\/media?parent=7554"}],"wp:term":[{"taxonomy":"category","embeddable":true,"href":"https:\/\/jfb-stiftung.de\/st-paulus-stift-neuoetting\/wp-json\/wp\/v2\/categories?post=7554"},{"taxonomy":"post_tag","embeddable":true,"href":"https:\/\/jfb-stiftung.de\/st-paulus-stift-neuoetting\/wp-json\/wp\/v2\/tags?post=7554"}],"curies":[{"name":"wp","href":"https:\/\/api.w.org\/{rel}","templated":true}]}}