{"id":7525,"date":"2023-12-14T11:14:34","date_gmt":"2023-12-14T10:14:34","guid":{"rendered":"https:\/\/jfb-stiftung.de\/st-paulus-stift-neuoetting\/guter-besuch-beim-adventsingen\/"},"modified":"2023-12-14T11:33:25","modified_gmt":"2023-12-14T10:33:25","slug":"erstes-adventsingen-voller-erfolg","status":"publish","type":"post","link":"https:\/\/jfb-stiftung.de\/st-paulus-stift-neuoetting\/erstes-adventsingen-voller-erfolg\/","title":{"rendered":"Erstes Adventsingen voller Erfolg"},"content":{"rendered":"<p>&#8222;Der Weg auf Weihnachten zua\u2026!\u201e \u2013 unter diesem Motto hat am Samstag, den 9.12.2023 in der Dreifaltigkeitskirche des St. Paulus Stifts erstmals ein Adventssingen<br \/>\nstattgefunden. Der Bewohner*innenchor des St. Paulus Stiftes hatte dazu den Chor des Frauenbundes Alt\u00f6tting, die Saitenmusik Perreiter und Pastoralassistent Nathanael Hell aus Engelsberg eingeladen, um gemeinsam diese besinnliche Stunde zu gestalten. Lieder und Weisen zur Adventszeit umrahmten die Geschichte vom Licht im Advent, die sich Nathanael Hell extra f\u00fcr diese Veranstaltung ausgedacht und aufgeschrieben hatte. Die Botschaft der Geschichte, n\u00e4mlich das Licht im Advent weiterzutragen und somit auch die finsteren Stunden zu erhellen, wurde nicht nur erz\u00e4hlt: Die Besucher*innen konnten sie auch gleich praktisch umsetzen, indem sie kleine Adventslichter, die in den Kirchenb\u00e4nken standen, mit nach Hause nehmen konnten oder \u2013 eben so wie es in der Geschichte erz\u00e4hlt \u2013 an jemanden weiterverschenken. Bevor es jedoch nach Hause ging, gab es nach dem Adventsingen noch f\u00fcr alle Besucher*innen einen warmen Punsch und einen Plausch im Innenhof der Katharinenburg, bevor sie sich \u2013 jeder mit seinem eigenen Lichterl \u2013 auf den Heimweg machten.<\/p>\n<p><img fetchpriority=\"high\" decoding=\"async\" class=\"wp-image-7527 alignnone\" src=\"https:\/\/jfb-stiftung.de\/st-paulus-stift-neuoetting\/wp-content\/uploads\/sites\/9\/2023\/12\/Adventsingen-SPS-NOe-1-1000x662.jpg\" alt=\"\" width=\"436\" height=\"289\"> <img decoding=\"async\" class=\" wp-image-7526 alignnone\" src=\"https:\/\/jfb-stiftung.de\/st-paulus-stift-neuoetting\/wp-content\/uploads\/sites\/9\/2023\/12\/Adventsingen-SPS-NOe-3-1000x662.jpg\" alt=\"\" width=\"434\" height=\"287\"><\/p>\n","protected":false},"excerpt":{"rendered":"<p>&#8222;Der Weg auf Weihnachten zua\u2026!\u201e \u2013 unter diesem Motto hat am Samstag, den 9.12.2023 in der Dreifaltigkeitskirche des St. Paulus Stifts erstmals ein Adventssingen stattgefunden. Der Bewohner*innenchor des St. Paulus \u2026<\/p>\n","protected":false},"author":2,"featured_media":7528,"comment_status":"closed","ping_status":"closed","sticky":false,"template":"","format":"standard","meta":{"_acf_changed":false,"footnotes":""},"categories":[31],"tags":[],"class_list":["post-7525","post","type-post","status-publish","format-standard","has-post-thumbnail","hentry","category-st-paulus-stift-neuoetting-news"],"acf":[],"publishpress_future_action":{"enabled":false,"date":"2026-05-09 12:32:51","action":"change-status","newStatus":"draft","terms":[],"taxonomy":"category","extraData":[]},"publishpress_future_workflow_manual_trigger":{"enabledWorkflows":[]},"_links":{"self":[{"href":"https:\/\/jfb-stiftung.de\/st-paulus-stift-neuoetting\/wp-json\/wp\/v2\/posts\/7525","targetHints":{"allow":["GET"]}}],"collection":[{"href":"https:\/\/jfb-stiftung.de\/st-paulus-stift-neuoetting\/wp-json\/wp\/v2\/posts"}],"about":[{"href":"https:\/\/jfb-stiftung.de\/st-paulus-stift-neuoetting\/wp-json\/wp\/v2\/types\/post"}],"author":[{"embeddable":true,"href":"https:\/\/jfb-stiftung.de\/st-paulus-stift-neuoetting\/wp-json\/wp\/v2\/users\/2"}],"replies":[{"embeddable":true,"href":"https:\/\/jfb-stiftung.de\/st-paulus-stift-neuoetting\/wp-json\/wp\/v2\/comments?post=7525"}],"version-history":[{"count":0,"href":"https:\/\/jfb-stiftung.de\/st-paulus-stift-neuoetting\/wp-json\/wp\/v2\/posts\/7525\/revisions"}],"wp:featuredmedia":[{"embeddable":true,"href":"https:\/\/jfb-stiftung.de\/st-paulus-stift-neuoetting\/wp-json\/wp\/v2\/media\/7528"}],"wp:attachment":[{"href":"https:\/\/jfb-stiftung.de\/st-paulus-stift-neuoetting\/wp-json\/wp\/v2\/media?parent=7525"}],"wp:term":[{"taxonomy":"category","embeddable":true,"href":"https:\/\/jfb-stiftung.de\/st-paulus-stift-neuoetting\/wp-json\/wp\/v2\/categories?post=7525"},{"taxonomy":"post_tag","embeddable":true,"href":"https:\/\/jfb-stiftung.de\/st-paulus-stift-neuoetting\/wp-json\/wp\/v2\/tags?post=7525"}],"curies":[{"name":"wp","href":"https:\/\/api.w.org\/{rel}","templated":true}]}}