{"id":7523,"date":"2023-12-14T11:39:13","date_gmt":"2023-12-14T10:39:13","guid":{"rendered":"https:\/\/jfb-stiftung.de\/st-paulus-stift-neuoetting\/?p=7523"},"modified":"2023-12-14T11:41:21","modified_gmt":"2023-12-14T10:41:21","slug":"schuelerinnen-spenden-350e-fuers-st-paulus-stift","status":"publish","type":"post","link":"https:\/\/jfb-stiftung.de\/st-paulus-stift-neuoetting\/schuelerinnen-spenden-350e-fuers-st-paulus-stift\/","title":{"rendered":"Sch\u00fcler*innen spenden 350\u20ac f\u00fcrs St. Paulus Stift"},"content":{"rendered":"<p>Eigentlich wollte sich die Max Fellermeier Schule, wir sagen immer \u201eunsere Nachbarn&#8220;, weil diese Grund- und Mittelschule direkt gegen\u00fcber vom St. Paulus Stift steht, selbst einen Stand auf unserem Adventsmarkt betreiben. Krankheitsf\u00e4lle im Lehrerteam und schlie\u00dflich das Schneechaos zwei Tage vor dem Adventsmarkt haben dazu gef\u00fchrt, dass zwar das Material und die Ware f\u00fcr den Stand der Schule da waren, aber keiner mehr zum Verkauf am Stand sein konnte. Kurzerhand sprang die F\u00f6rderst\u00e4tte 5 +7 des St. Paulus Stifts selbst ein und betreute den Stand am Adventsmarkt. Ganz umsonst war der Einsatz dann aber doch nicht, kamen doch 150 \u20ac Erl\u00f6s durch den Verkauf der kleinen Kunstwerke zusammen.<br \/>\nLetzte Woche dann, veranstaltete die Max \u2013 Fellermeier -Schule im Schulhaus nochmals einen Adventsbasar der vor allem von den Eltern der Sch\u00fcler*innen besucht wurde. Hier wurden die von den Sch\u00fclern*innen mit viel Liebe hergestellten Bastelarbeiten zum Verkauf angeboten. Dieses Mal blieben 200 \u20ac in der Kasse. Heute nun \u00fcberreichte Schulleiter Hr. Heiko Schachtschabel 350\u20ac als Gesamterl\u00f6s der Verkaufsaktion im Form eines Spendenschecks f\u00fcr unser St. Paulus Stift.<\/p>\n<p>Im Bild v. rechts stehend: Heiko Schachtschabel, Angelika Kluth, Christian Holzmann und Claudia Mauer. Sitzend: v. rechts: Helga Bauer und Angelika Gr\u00f6ner<\/p>\n<p>&nbsp;<\/p>\n","protected":false},"excerpt":{"rendered":"<p>Eigentlich wollte sich die Max Fellermeier Schule, wir sagen immer \u201eunsere Nachbarn&#8220;, weil diese Grund- und Mittelschule direkt gegen\u00fcber vom St. Paulus Stift steht, selbst einen Stand auf unserem Adventsmarkt \u2026<\/p>\n","protected":false},"author":2,"featured_media":7524,"comment_status":"closed","ping_status":"closed","sticky":false,"template":"","format":"standard","meta":{"_acf_changed":false,"footnotes":""},"categories":[31],"tags":[],"class_list":["post-7523","post","type-post","status-publish","format-standard","has-post-thumbnail","hentry","category-st-paulus-stift-neuoetting-news"],"acf":[],"publishpress_future_action":{"enabled":false,"date":"2026-05-09 10:52:47","action":"change-status","newStatus":"draft","terms":[],"taxonomy":"category","extraData":[]},"publishpress_future_workflow_manual_trigger":{"enabledWorkflows":[]},"_links":{"self":[{"href":"https:\/\/jfb-stiftung.de\/st-paulus-stift-neuoetting\/wp-json\/wp\/v2\/posts\/7523","targetHints":{"allow":["GET"]}}],"collection":[{"href":"https:\/\/jfb-stiftung.de\/st-paulus-stift-neuoetting\/wp-json\/wp\/v2\/posts"}],"about":[{"href":"https:\/\/jfb-stiftung.de\/st-paulus-stift-neuoetting\/wp-json\/wp\/v2\/types\/post"}],"author":[{"embeddable":true,"href":"https:\/\/jfb-stiftung.de\/st-paulus-stift-neuoetting\/wp-json\/wp\/v2\/users\/2"}],"replies":[{"embeddable":true,"href":"https:\/\/jfb-stiftung.de\/st-paulus-stift-neuoetting\/wp-json\/wp\/v2\/comments?post=7523"}],"version-history":[{"count":0,"href":"https:\/\/jfb-stiftung.de\/st-paulus-stift-neuoetting\/wp-json\/wp\/v2\/posts\/7523\/revisions"}],"wp:featuredmedia":[{"embeddable":true,"href":"https:\/\/jfb-stiftung.de\/st-paulus-stift-neuoetting\/wp-json\/wp\/v2\/media\/7524"}],"wp:attachment":[{"href":"https:\/\/jfb-stiftung.de\/st-paulus-stift-neuoetting\/wp-json\/wp\/v2\/media?parent=7523"}],"wp:term":[{"taxonomy":"category","embeddable":true,"href":"https:\/\/jfb-stiftung.de\/st-paulus-stift-neuoetting\/wp-json\/wp\/v2\/categories?post=7523"},{"taxonomy":"post_tag","embeddable":true,"href":"https:\/\/jfb-stiftung.de\/st-paulus-stift-neuoetting\/wp-json\/wp\/v2\/tags?post=7523"}],"curies":[{"name":"wp","href":"https:\/\/api.w.org\/{rel}","templated":true}]}}