{"id":7414,"date":"2023-12-05T09:28:06","date_gmt":"2023-12-05T08:28:06","guid":{"rendered":"https:\/\/jfb-stiftung.de\/st-paulus-stift-neuoetting\/guter-besuch-des-adventsmarktes-im-st-paulus-stift\/"},"modified":"2023-12-05T10:50:40","modified_gmt":"2023-12-05T09:50:40","slug":"guter-besuch-des-adventsmarktes-im-st-paulus-stift","status":"publish","type":"post","link":"https:\/\/jfb-stiftung.de\/st-paulus-stift-neuoetting\/guter-besuch-des-adventsmarktes-im-st-paulus-stift\/","title":{"rendered":"Guter Besuch des Adventsmarktes im St. Paulus Stift"},"content":{"rendered":"<p>Aufgrund des anhaltenden starken Schneefalls musste der Adventsmarkt zwar am Samstag, den 2.12. abgesagt werden, konnte aber am Sonntag in einer wahren Winterwunder-Landschaft umso sch\u00f6ner stattfinden. Die Gelegenheit diesen idyllischen und etwas anderen Adventsmarkt genie\u00dfen zu d\u00fcrfen, kamen, vor allem zur Freude der Bewohner*innen und Organisatoren des Marktes, viele Besucher*innen nach. Im sch\u00f6nen Park und der Aula des St. Paulus Stifts wurde &#8222;K\u00f6stliches&#8220;, &#8222;Sch\u00f6nes&#8220; und auch &#8222;\u00dcberraschendes&#8220; an den insgesamt 16 St\u00e4nden angeboten. Neben Glas- &amp; Holzkunst oder dekorativen Gestecken gab es auch wunderbare selbstgemachte Produkte zu kaufen. Die Hausk\u00fcche verw\u00f6hnte die Besucher*innen mit selbstgemachtem Gl\u00fchwein, Pl\u00e4tzchen und auch deftigen Leckereien, wie z.B. Bosna. Ein Anziehungspunkt war wieder einmal die sch\u00f6ne gro\u00dfe Weihnachtskrippe, die im Park aufgebaut wurde und nicht nur bei den kleinen Besuchern f\u00fcr Staunen sorgte. Leuchtende Augen bekamen die kleinen Besucher*innen auch vom tierischen Besuch im St. Paulus Stift: Denn dort tummelten sich Lamas, die auch gestreichelt werden durften. Selbstverst\u00e4ndlich sorgte auch das Erscheinen des Nikolauses f\u00fcr allgemeine Erheiterung. Herzlichen Dank an die Besucher*innen und auch an die Organisatoren, die sich wieder sehr viel M\u00fche gegeben haben und einen tollen Adventsmarkt auf die Beine gestellt haben (und in diesem Jahr auch ordentlich Schnee schippen mussten).<\/p>\n<p>&nbsp;<\/p>\n<p><img fetchpriority=\"high\" decoding=\"async\" class=\" wp-image-7415 alignnone\" src=\"https:\/\/jfb-stiftung.de\/st-paulus-stift-neuoetting\/wp-content\/uploads\/sites\/9\/2023\/12\/Adventsmarkt-III-750x1000.jpg\" alt=\"\" width=\"217\" height=\"289\" srcset=\"https:\/\/jfb-stiftung.de\/st-paulus-stift-neuoetting\/wp-content\/uploads\/sites\/9\/2023\/12\/Adventsmarkt-III-750x1000.jpg 750w, https:\/\/jfb-stiftung.de\/st-paulus-stift-neuoetting\/wp-content\/uploads\/sites\/9\/2023\/12\/Adventsmarkt-III.jpg 768w\" sizes=\"(max-width: 217px) 100vw, 217px\" \/> <img decoding=\"async\" class=\" wp-image-7416 alignnone\" src=\"https:\/\/jfb-stiftung.de\/st-paulus-stift-neuoetting\/wp-content\/uploads\/sites\/9\/2023\/12\/Adventsmarkt-II-750x1000.jpg\" alt=\"\" width=\"215\" height=\"286\" srcset=\"https:\/\/jfb-stiftung.de\/st-paulus-stift-neuoetting\/wp-content\/uploads\/sites\/9\/2023\/12\/Adventsmarkt-II-750x1000.jpg 750w, https:\/\/jfb-stiftung.de\/st-paulus-stift-neuoetting\/wp-content\/uploads\/sites\/9\/2023\/12\/Adventsmarkt-II.jpg 768w\" sizes=\"(max-width: 215px) 100vw, 215px\" \/> <img decoding=\"async\" class=\"wp-image-7417 alignnone\" src=\"https:\/\/jfb-stiftung.de\/st-paulus-stift-neuoetting\/wp-content\/uploads\/sites\/9\/2023\/12\/Adventsmarkt-750x1000.jpg\" alt=\"\" width=\"214\" height=\"285\" srcset=\"https:\/\/jfb-stiftung.de\/st-paulus-stift-neuoetting\/wp-content\/uploads\/sites\/9\/2023\/12\/Adventsmarkt-750x1000.jpg 750w, https:\/\/jfb-stiftung.de\/st-paulus-stift-neuoetting\/wp-content\/uploads\/sites\/9\/2023\/12\/Adventsmarkt.jpg 768w\" sizes=\"(max-width: 214px) 100vw, 214px\" \/> <img loading=\"lazy\" decoding=\"async\" class=\"wp-image-7423 alignnone\" src=\"https:\/\/jfb-stiftung.de\/st-paulus-stift-neuoetting\/wp-content\/uploads\/sites\/9\/2023\/12\/Eingeschneite-Buden-1000x750.jpg\" alt=\"\" width=\"380\" height=\"285\"><\/p>\n<p>&nbsp;<\/p>\n<p>&nbsp;<\/p>\n<p>&nbsp;<\/p>\n","protected":false},"excerpt":{"rendered":"<p>Aufgrund des anhaltenden starken Schneefalls musste der Adventsmarkt zwar am Samstag, den 2.12. abgesagt werden, konnte aber am Sonntag in einer wahren Winterwunder-Landschaft umso sch\u00f6ner stattfinden. Die Gelegenheit diesen idyllischen \u2026<\/p>\n","protected":false},"author":2,"featured_media":7418,"comment_status":"closed","ping_status":"closed","sticky":false,"template":"","format":"standard","meta":{"_acf_changed":false,"footnotes":""},"categories":[50,31],"tags":[],"class_list":["post-7414","post","type-post","status-publish","format-standard","has-post-thumbnail","hentry","category-archiv-st-paulus-stift-neuoetting-news","category-st-paulus-stift-neuoetting-news"],"acf":[],"publishpress_future_action":{"enabled":false,"date":"2026-05-09 10:53:03","action":"change-status","newStatus":"draft","terms":[],"taxonomy":"category","extraData":[]},"publishpress_future_workflow_manual_trigger":{"enabledWorkflows":[]},"_links":{"self":[{"href":"https:\/\/jfb-stiftung.de\/st-paulus-stift-neuoetting\/wp-json\/wp\/v2\/posts\/7414","targetHints":{"allow":["GET"]}}],"collection":[{"href":"https:\/\/jfb-stiftung.de\/st-paulus-stift-neuoetting\/wp-json\/wp\/v2\/posts"}],"about":[{"href":"https:\/\/jfb-stiftung.de\/st-paulus-stift-neuoetting\/wp-json\/wp\/v2\/types\/post"}],"author":[{"embeddable":true,"href":"https:\/\/jfb-stiftung.de\/st-paulus-stift-neuoetting\/wp-json\/wp\/v2\/users\/2"}],"replies":[{"embeddable":true,"href":"https:\/\/jfb-stiftung.de\/st-paulus-stift-neuoetting\/wp-json\/wp\/v2\/comments?post=7414"}],"version-history":[{"count":0,"href":"https:\/\/jfb-stiftung.de\/st-paulus-stift-neuoetting\/wp-json\/wp\/v2\/posts\/7414\/revisions"}],"wp:featuredmedia":[{"embeddable":true,"href":"https:\/\/jfb-stiftung.de\/st-paulus-stift-neuoetting\/wp-json\/wp\/v2\/media\/7418"}],"wp:attachment":[{"href":"https:\/\/jfb-stiftung.de\/st-paulus-stift-neuoetting\/wp-json\/wp\/v2\/media?parent=7414"}],"wp:term":[{"taxonomy":"category","embeddable":true,"href":"https:\/\/jfb-stiftung.de\/st-paulus-stift-neuoetting\/wp-json\/wp\/v2\/categories?post=7414"},{"taxonomy":"post_tag","embeddable":true,"href":"https:\/\/jfb-stiftung.de\/st-paulus-stift-neuoetting\/wp-json\/wp\/v2\/tags?post=7414"}],"curies":[{"name":"wp","href":"https:\/\/api.w.org\/{rel}","templated":true}]}}