{"id":7235,"date":"2023-10-09T08:42:56","date_gmt":"2023-10-09T06:42:56","guid":{"rendered":"https:\/\/jfb-stiftung.de\/st-paulus-stift-neuoetting\/oktoberfest-im-st-paulus-stift\/"},"modified":"2023-10-10T07:58:33","modified_gmt":"2023-10-10T05:58:33","slug":"oktoberfest-im-st-paulus-stift","status":"publish","type":"post","link":"https:\/\/jfb-stiftung.de\/st-paulus-stift-neuoetting\/oktoberfest-im-st-paulus-stift\/","title":{"rendered":"Oktoberfest im St. Paulus Stift"},"content":{"rendered":"<p>Und kaum schaut man sich um, ist der Sommer vorbei und der Herbst klopft an die T\u00fcr. Aber, das macht der Herbst in diesem Jahr ganz vorsichtig und mit sehr sch\u00f6nem Wetter. Auch auf dem Oktoberfest im St. Paulus Stift am Samstag, den 07. Oktober, gab es wei\u00df-blauen Himmel, angenehme Temperaturen und nat\u00fcrlich gut gelaunte Besucher*innen. Weils der Brauch ist, gab\u00b4s passend zur Jahreszeit zur Begr\u00fc\u00dfung einen Zwetschgendatschi und nat\u00fcrlich einen Kaffee. Wer keine Lust auf Zwetschgendatschi hatte, na der holte sich \u201eAuszogn\u00b4ne\u201c als s\u00fc\u00dfe Alternative.<br \/>\nVielleicht eine Zuckerwatte f\u00fcr zwischendurch? Die gab es nat\u00fcrlich auch.<br \/>\nWas geh\u00f6rt noch zu einem z\u00fcnftigen Oktoberfest, eine gescheite Blasmusik, die kam dieses Jahr aus Emmerting, die Jugendblaskapelle spielte f\u00fcr uns auf. Ebenfalls zur Tradition geh\u00f6rt der Auftritt der Trachtler vom Trachtenverein Edelwei\u00df Neu\u00f6tting, die mit ihren sch\u00f6nen Trachten einen Tanzauftritt zeigten. Die Brotzeit rundete das Fest ab, Leberk\u00e4s, Brezen und einen Kartoffelsalat, hat das K\u00fcchenteam vorbereitet und es dauerte auch nicht lang und es war alles aufgegessen. Danke an das K\u00fcchenteam!<br \/>\nGegen 18:00 sind die die letzten Besucher*innen nach Hause gegangen. So und jetzt darf der Herbst kommen, auch mal mit Regen, denn den braucht die Natur inzwischen ganz dringend.<\/p>\n<p>&nbsp;<\/p>\n<p><img fetchpriority=\"high\" decoding=\"async\" class=\"wp-image-7237 aligncenter\" src=\"https:\/\/jfb-stiftung.de\/st-paulus-stift-neuoetting\/wp-content\/uploads\/sites\/9\/2023\/10\/Oktoberfest-SPS-NOe-I-2023-1000x325.jpg\" alt=\"\" width=\"962\" height=\"313\" srcset=\"https:\/\/jfb-stiftung.de\/st-paulus-stift-neuoetting\/wp-content\/uploads\/sites\/9\/2023\/10\/Oktoberfest-SPS-NOe-I-2023-1000x325.jpg 1000w, https:\/\/jfb-stiftung.de\/st-paulus-stift-neuoetting\/wp-content\/uploads\/sites\/9\/2023\/10\/Oktoberfest-SPS-NOe-I-2023-1500x487.jpg 1500w, https:\/\/jfb-stiftung.de\/st-paulus-stift-neuoetting\/wp-content\/uploads\/sites\/9\/2023\/10\/Oktoberfest-SPS-NOe-I-2023-768x249.jpg 768w, https:\/\/jfb-stiftung.de\/st-paulus-stift-neuoetting\/wp-content\/uploads\/sites\/9\/2023\/10\/Oktoberfest-SPS-NOe-I-2023-1536x499.jpg 1536w, https:\/\/jfb-stiftung.de\/st-paulus-stift-neuoetting\/wp-content\/uploads\/sites\/9\/2023\/10\/Oktoberfest-SPS-NOe-I-2023-2048x665.jpg 2048w\" sizes=\"(max-width: 962px) 100vw, 962px\" \/><\/p>\n<p><img decoding=\"async\" class=\"wp-image-7236 alignnone\" src=\"https:\/\/jfb-stiftung.de\/st-paulus-stift-neuoetting\/wp-content\/uploads\/sites\/9\/2023\/10\/Oktoberfest-Zuckerwatte-2023-750x1000.jpg\" alt=\"\" width=\"292\" height=\"390\"> <img decoding=\"async\" class=\"wp-image-7238 alignnone\" src=\"https:\/\/jfb-stiftung.de\/st-paulus-stift-neuoetting\/wp-content\/uploads\/sites\/9\/2023\/10\/Oktoberfest-Tanzgruppe-SPS-NOe-2023-750x1000.jpg\" alt=\"\" width=\"293\" height=\"391\"><\/p>\n","protected":false},"excerpt":{"rendered":"<p>Und kaum schaut man sich um, ist der Sommer vorbei und der Herbst klopft an die T\u00fcr. Aber, das macht der Herbst in diesem Jahr ganz vorsichtig und mit sehr \u2026<\/p>\n","protected":false},"author":2,"featured_media":7239,"comment_status":"closed","ping_status":"closed","sticky":false,"template":"","format":"standard","meta":{"_acf_changed":false,"footnotes":""},"categories":[31],"tags":[],"class_list":["post-7235","post","type-post","status-publish","format-standard","has-post-thumbnail","hentry","category-st-paulus-stift-neuoetting-news"],"acf":[],"publishpress_future_action":{"enabled":false,"date":"2026-05-07 14:25:42","action":"change-status","newStatus":"draft","terms":[],"taxonomy":"category","extraData":[]},"publishpress_future_workflow_manual_trigger":{"enabledWorkflows":[]},"_links":{"self":[{"href":"https:\/\/jfb-stiftung.de\/st-paulus-stift-neuoetting\/wp-json\/wp\/v2\/posts\/7235","targetHints":{"allow":["GET"]}}],"collection":[{"href":"https:\/\/jfb-stiftung.de\/st-paulus-stift-neuoetting\/wp-json\/wp\/v2\/posts"}],"about":[{"href":"https:\/\/jfb-stiftung.de\/st-paulus-stift-neuoetting\/wp-json\/wp\/v2\/types\/post"}],"author":[{"embeddable":true,"href":"https:\/\/jfb-stiftung.de\/st-paulus-stift-neuoetting\/wp-json\/wp\/v2\/users\/2"}],"replies":[{"embeddable":true,"href":"https:\/\/jfb-stiftung.de\/st-paulus-stift-neuoetting\/wp-json\/wp\/v2\/comments?post=7235"}],"version-history":[{"count":0,"href":"https:\/\/jfb-stiftung.de\/st-paulus-stift-neuoetting\/wp-json\/wp\/v2\/posts\/7235\/revisions"}],"wp:featuredmedia":[{"embeddable":true,"href":"https:\/\/jfb-stiftung.de\/st-paulus-stift-neuoetting\/wp-json\/wp\/v2\/media\/7239"}],"wp:attachment":[{"href":"https:\/\/jfb-stiftung.de\/st-paulus-stift-neuoetting\/wp-json\/wp\/v2\/media?parent=7235"}],"wp:term":[{"taxonomy":"category","embeddable":true,"href":"https:\/\/jfb-stiftung.de\/st-paulus-stift-neuoetting\/wp-json\/wp\/v2\/categories?post=7235"},{"taxonomy":"post_tag","embeddable":true,"href":"https:\/\/jfb-stiftung.de\/st-paulus-stift-neuoetting\/wp-json\/wp\/v2\/tags?post=7235"}],"curies":[{"name":"wp","href":"https:\/\/api.w.org\/{rel}","templated":true}]}}