{"id":7227,"date":"2023-10-05T12:22:58","date_gmt":"2023-10-05T10:22:58","guid":{"rendered":"https:\/\/jfb-stiftung.de\/st-paulus-stift-neuoetting\/rax-dein-hax\/"},"modified":"2023-10-05T12:23:37","modified_gmt":"2023-10-05T10:23:37","slug":"rax-dein-hax","status":"publish","type":"post","link":"https:\/\/jfb-stiftung.de\/st-paulus-stift-neuoetting\/rax-dein-hax\/","title":{"rendered":"Rax dein Hax"},"content":{"rendered":"<p>Was bitte ist \u201eRaxen\u201c?\u00a0 Eines vorweg, es klingt bayrisch ist es aber erstmal nicht. Raxen leitet sich vom Wort \u201eRaques\u201c ab und kommt aus dem syrischen Kulturraum. Raques kann man\u00a0 mit Tanzen \u00fcbersetzen. Der \u201eHax\u201c wiederum ist dann eher ein bayrischer Begriff und man meint damit das Bein. Beides zusammengenommen w\u00fcrde \u201eRax dein Hax\u201c also bedeuten: Tanz dein Bein, Dance a leg oder Let\u00b4s twist again.<br \/>\nUnd genau das haben ann\u00e4hernd 60 G\u00e4ste im Lokal \u201eAngerichtet\u201c in Neu\u00f6tting am 23. September getan. Miteinander ausgelassen sein, miteinander tanzen, reden und vielleicht eine Kleinigkeit dazu essen. Disco, DJ und Light Show waren die Zauberworte f\u00fcr diesen gelungen Abend. Danke auch an die Wirtsleute, die sich sehr nett um alle G\u00e4ste gek\u00fcmmert haben.&lt;&lt;Rax dein Hax 2.0! Motto wars damals und heid no so.&gt;&gt;, erinnert an die Geschichte dieser Veranstaltung. Bereits 2017 wurde sie ins Leben gerufen, damals in Alt\u00f6tting im \u201eNea Zoi\u201c. Das es nun ein Revival gibt, ist dem Arbeitskreis Partnerschaft und Beziehung des St. Paulus Stifts zu verdanken.<br \/>\nDie Tanzfl\u00e4che geh\u00f6rt uns, ob jung ob alt! &#8222;Drah\u00b4di, frei di, danz, danz, danz &#8211; Rax dein Hax!&#8220;<\/p>\n<p>&nbsp;<\/p>\n","protected":false},"excerpt":{"rendered":"<p>Was bitte ist \u201eRaxen\u201c?\u00a0 Eines vorweg, es klingt bayrisch ist es aber erstmal nicht. Raxen leitet sich vom Wort \u201eRaques\u201c ab und kommt aus dem syrischen Kulturraum. Raques kann man\u00a0 \u2026<\/p>\n","protected":false},"author":2,"featured_media":7228,"comment_status":"closed","ping_status":"closed","sticky":false,"template":"","format":"standard","meta":{"_acf_changed":false,"footnotes":""},"categories":[31],"tags":[],"class_list":["post-7227","post","type-post","status-publish","format-standard","has-post-thumbnail","hentry","category-st-paulus-stift-neuoetting-news"],"acf":[],"publishpress_future_action":{"enabled":false,"date":"2026-05-09 10:51:41","action":"change-status","newStatus":"draft","terms":[],"taxonomy":"category","extraData":[]},"publishpress_future_workflow_manual_trigger":{"enabledWorkflows":[]},"_links":{"self":[{"href":"https:\/\/jfb-stiftung.de\/st-paulus-stift-neuoetting\/wp-json\/wp\/v2\/posts\/7227","targetHints":{"allow":["GET"]}}],"collection":[{"href":"https:\/\/jfb-stiftung.de\/st-paulus-stift-neuoetting\/wp-json\/wp\/v2\/posts"}],"about":[{"href":"https:\/\/jfb-stiftung.de\/st-paulus-stift-neuoetting\/wp-json\/wp\/v2\/types\/post"}],"author":[{"embeddable":true,"href":"https:\/\/jfb-stiftung.de\/st-paulus-stift-neuoetting\/wp-json\/wp\/v2\/users\/2"}],"replies":[{"embeddable":true,"href":"https:\/\/jfb-stiftung.de\/st-paulus-stift-neuoetting\/wp-json\/wp\/v2\/comments?post=7227"}],"version-history":[{"count":0,"href":"https:\/\/jfb-stiftung.de\/st-paulus-stift-neuoetting\/wp-json\/wp\/v2\/posts\/7227\/revisions"}],"wp:featuredmedia":[{"embeddable":true,"href":"https:\/\/jfb-stiftung.de\/st-paulus-stift-neuoetting\/wp-json\/wp\/v2\/media\/7228"}],"wp:attachment":[{"href":"https:\/\/jfb-stiftung.de\/st-paulus-stift-neuoetting\/wp-json\/wp\/v2\/media?parent=7227"}],"wp:term":[{"taxonomy":"category","embeddable":true,"href":"https:\/\/jfb-stiftung.de\/st-paulus-stift-neuoetting\/wp-json\/wp\/v2\/categories?post=7227"},{"taxonomy":"post_tag","embeddable":true,"href":"https:\/\/jfb-stiftung.de\/st-paulus-stift-neuoetting\/wp-json\/wp\/v2\/tags?post=7227"}],"curies":[{"name":"wp","href":"https:\/\/api.w.org\/{rel}","templated":true}]}}