{"id":7217,"date":"2023-10-02T10:20:49","date_gmt":"2023-10-02T08:20:49","guid":{"rendered":"https:\/\/jfb-stiftung.de\/st-paulus-stift-neuoetting\/auf-zum-muenchner-oktoberfest\/"},"modified":"2023-10-09T08:35:15","modified_gmt":"2023-10-09T06:35:15","slug":"auf-zum-muenchner-oktoberfest","status":"publish","type":"post","link":"https:\/\/jfb-stiftung.de\/st-paulus-stift-neuoetting\/auf-zum-muenchner-oktoberfest\/","title":{"rendered":"Auf zum M\u00fcnchner Oktoberfest"},"content":{"rendered":"<p>Man kann es ja nicht oft genug sagen: \u201eNach langer Corona \u2013 Pause\u2026\u201c Dieser Satz leitet so viele Berichte ein. Und so ist es auch mit dem Besuch der WG Michaelistra\u00dfe auf dem M\u00fcnchner Oktoberfest. Bei Kaiserwetter haben sich die Bewohnerinnen und Bewohner sowie die Betreuer*innen auf den Weg gemacht, um einen sonnigen Herbsttag auf der M\u00fcnchner Wiesen zu genie\u00dfen. Herbsttag? Na ja es war wohl eher ein Sommertag auf der Wiesen, wie das ganze M\u00fcnchner Oktoberfest dem Wetter nach eher ein Sommerfest war und kein Fest, das den Herbst ank\u00fcndigt.<br \/>\nNach Budenbummel, Teufelsrad und Achterbahn, war der Appetit und der Durst gro\u00df. Dank Beziehungen haben alle &#8222;Wieseng\u00e4nger&#8220; einen gem\u00fctlichen Platz im L\u00f6wenbr\u00e4u-Festzelt bekommen. Ein Abteilungsleiter der WfBM Alt\u00f6tting, ist auch Vollblutmusiker auf der Wiesen und einige Bewohner*innen der Michaelistra\u00dfe arbeiten in seiner Abteilung. Da ist es nat\u00fcrlich klar, dass alle ihm einen Besuch im L\u00f6wenbr\u00e4uzelt abstatteten. Herzlichen Dank daf\u00fcr, denn unserer Truppe hat es dort super gefallen. Alle haben es sich richtig gut gehen lassen auf dem gr\u00f6\u00dften Volksfest der Welt und kommen gerne im n\u00e4chsten Jahr wieder.<\/p>\n<p><img fetchpriority=\"high\" decoding=\"async\" class=\"aligncenter  wp-image-7233\" src=\"https:\/\/jfb-stiftung.de\/st-paulus-stift-neuoetting\/wp-content\/uploads\/sites\/9\/2023\/10\/Muenchner-Oktoberfest-750x1000.jpg\" alt=\"\" width=\"234\" height=\"312\" srcset=\"https:\/\/jfb-stiftung.de\/st-paulus-stift-neuoetting\/wp-content\/uploads\/sites\/9\/2023\/10\/Muenchner-Oktoberfest-750x1000.jpg 750w, https:\/\/jfb-stiftung.de\/st-paulus-stift-neuoetting\/wp-content\/uploads\/sites\/9\/2023\/10\/Muenchner-Oktoberfest-900x1200.jpg 900w, https:\/\/jfb-stiftung.de\/st-paulus-stift-neuoetting\/wp-content\/uploads\/sites\/9\/2023\/10\/Muenchner-Oktoberfest-768x1024.jpg 768w, https:\/\/jfb-stiftung.de\/st-paulus-stift-neuoetting\/wp-content\/uploads\/sites\/9\/2023\/10\/Muenchner-Oktoberfest-1152x1536.jpg 1152w, https:\/\/jfb-stiftung.de\/st-paulus-stift-neuoetting\/wp-content\/uploads\/sites\/9\/2023\/10\/Muenchner-Oktoberfest.jpg 1500w\" sizes=\"(max-width: 234px) 100vw, 234px\" \/><\/p>\n<p>&nbsp;<\/p>\n","protected":false},"excerpt":{"rendered":"<p>Man kann es ja nicht oft genug sagen: \u201eNach langer Corona \u2013 Pause\u2026\u201c Dieser Satz leitet so viele Berichte ein. Und so ist es auch mit dem Besuch der WG \u2026<\/p>\n","protected":false},"author":2,"featured_media":7218,"comment_status":"closed","ping_status":"closed","sticky":false,"template":"","format":"standard","meta":{"_acf_changed":false,"footnotes":""},"categories":[31],"tags":[],"class_list":["post-7217","post","type-post","status-publish","format-standard","has-post-thumbnail","hentry","category-st-paulus-stift-neuoetting-news"],"acf":[],"publishpress_future_action":{"enabled":false,"date":"2026-05-09 10:51:43","action":"change-status","newStatus":"draft","terms":[],"taxonomy":"category","extraData":[]},"publishpress_future_workflow_manual_trigger":{"enabledWorkflows":[]},"_links":{"self":[{"href":"https:\/\/jfb-stiftung.de\/st-paulus-stift-neuoetting\/wp-json\/wp\/v2\/posts\/7217","targetHints":{"allow":["GET"]}}],"collection":[{"href":"https:\/\/jfb-stiftung.de\/st-paulus-stift-neuoetting\/wp-json\/wp\/v2\/posts"}],"about":[{"href":"https:\/\/jfb-stiftung.de\/st-paulus-stift-neuoetting\/wp-json\/wp\/v2\/types\/post"}],"author":[{"embeddable":true,"href":"https:\/\/jfb-stiftung.de\/st-paulus-stift-neuoetting\/wp-json\/wp\/v2\/users\/2"}],"replies":[{"embeddable":true,"href":"https:\/\/jfb-stiftung.de\/st-paulus-stift-neuoetting\/wp-json\/wp\/v2\/comments?post=7217"}],"version-history":[{"count":0,"href":"https:\/\/jfb-stiftung.de\/st-paulus-stift-neuoetting\/wp-json\/wp\/v2\/posts\/7217\/revisions"}],"wp:featuredmedia":[{"embeddable":true,"href":"https:\/\/jfb-stiftung.de\/st-paulus-stift-neuoetting\/wp-json\/wp\/v2\/media\/7218"}],"wp:attachment":[{"href":"https:\/\/jfb-stiftung.de\/st-paulus-stift-neuoetting\/wp-json\/wp\/v2\/media?parent=7217"}],"wp:term":[{"taxonomy":"category","embeddable":true,"href":"https:\/\/jfb-stiftung.de\/st-paulus-stift-neuoetting\/wp-json\/wp\/v2\/categories?post=7217"},{"taxonomy":"post_tag","embeddable":true,"href":"https:\/\/jfb-stiftung.de\/st-paulus-stift-neuoetting\/wp-json\/wp\/v2\/tags?post=7217"}],"curies":[{"name":"wp","href":"https:\/\/api.w.org\/{rel}","templated":true}]}}