{"id":7025,"date":"2023-08-10T09:50:58","date_gmt":"2023-08-10T07:50:58","guid":{"rendered":"https:\/\/jfb-stiftung.de\/st-paulus-stift-neuoetting\/hansi-hinterseer-konzert-und-wir-mittendrin\/"},"modified":"2023-08-10T09:50:58","modified_gmt":"2023-08-10T07:50:58","slug":"hansi-hinterseer-konzert-und-wir-mittendrin","status":"publish","type":"post","link":"https:\/\/jfb-stiftung.de\/st-paulus-stift-neuoetting\/hansi-hinterseer-konzert-und-wir-mittendrin\/","title":{"rendered":"Hansi Hinterseer Konzert und wir mittendrin"},"content":{"rendered":"<p>Fans hat Hansi Hinterseer viele und vier Bewohner*innen der Wohngruppe Katharina sagen von sich selbst &#8222;Wir sind die gr\u00f6\u00dften Fans, die es gibt&#8220;. Deshalb wurde nicht lange gefackelt, als klar war, dass der Schlagerstar in die N\u00e4he nach Bad Griesbach kommt. Am Freitag, den 9. Juni war es dann endlich soweit und selbstverst\u00e4ndlich wurde sich vorab mit den entsprechenden Hits wie &#8222;H\u00e4nde zum Himmel&#8220; oder &#8222;Marina&#8220; warm gesungen. Auf dem Konzert gab es dann kein Halten mehr, als das Idol gut gelaunt auf die B\u00fchne kam. Alle sangen fr\u00f6hlich mit und genossen das Wohlf\u00fchl-Open-Air Konzert auf dem sch\u00f6nen Kurplatz in Bad Griebach. Nicht nur f\u00fcr die vier Hinterseer-Fans des St. Paulus Stifts, sondern auch die zwei Mitarbeiterinnen, die mit dabei waren, ein unvergessliches Erlebnis.<\/p>\n<p><img fetchpriority=\"high\" decoding=\"async\" class=\" wp-image-7028 alignnone\" src=\"https:\/\/jfb-stiftung.de\/st-paulus-stift-neuoetting\/wp-content\/uploads\/sites\/9\/2023\/08\/Konzert-Hinterseer-2-563x1000.jpg\" alt=\"\" width=\"205\" height=\"364\"> <img decoding=\"async\" class=\" wp-image-7027 alignnone\" src=\"https:\/\/jfb-stiftung.de\/st-paulus-stift-neuoetting\/wp-content\/uploads\/sites\/9\/2023\/08\/Konzert-Hinterseer-4-563x1000.jpg\" alt=\"\" width=\"204\" height=\"362\"> <img decoding=\"async\" class=\"wp-image-7026 alignnone\" src=\"https:\/\/jfb-stiftung.de\/st-paulus-stift-neuoetting\/wp-content\/uploads\/sites\/9\/2023\/08\/Konzert-Hinterseer-5-562x1000.jpg\" alt=\"\" width=\"204\" height=\"363\"><\/p>\n","protected":false},"excerpt":{"rendered":"<p>Fans hat Hansi Hinterseer viele und vier Bewohner*innen der Wohngruppe Katharina sagen von sich selbst &#8222;Wir sind die gr\u00f6\u00dften Fans, die es gibt&#8220;. Deshalb wurde nicht lange gefackelt, als klar \u2026<\/p>\n","protected":false},"author":2,"featured_media":7029,"comment_status":"closed","ping_status":"closed","sticky":false,"template":"","format":"standard","meta":{"_acf_changed":false,"footnotes":""},"categories":[31],"tags":[],"class_list":["post-7025","post","type-post","status-publish","format-standard","has-post-thumbnail","hentry","category-st-paulus-stift-neuoetting-news"],"acf":[],"publishpress_future_action":{"enabled":false,"date":"2026-05-09 10:53:25","action":"change-status","newStatus":"draft","terms":[],"taxonomy":"category","extraData":[]},"publishpress_future_workflow_manual_trigger":{"enabledWorkflows":[]},"_links":{"self":[{"href":"https:\/\/jfb-stiftung.de\/st-paulus-stift-neuoetting\/wp-json\/wp\/v2\/posts\/7025","targetHints":{"allow":["GET"]}}],"collection":[{"href":"https:\/\/jfb-stiftung.de\/st-paulus-stift-neuoetting\/wp-json\/wp\/v2\/posts"}],"about":[{"href":"https:\/\/jfb-stiftung.de\/st-paulus-stift-neuoetting\/wp-json\/wp\/v2\/types\/post"}],"author":[{"embeddable":true,"href":"https:\/\/jfb-stiftung.de\/st-paulus-stift-neuoetting\/wp-json\/wp\/v2\/users\/2"}],"replies":[{"embeddable":true,"href":"https:\/\/jfb-stiftung.de\/st-paulus-stift-neuoetting\/wp-json\/wp\/v2\/comments?post=7025"}],"version-history":[{"count":0,"href":"https:\/\/jfb-stiftung.de\/st-paulus-stift-neuoetting\/wp-json\/wp\/v2\/posts\/7025\/revisions"}],"wp:featuredmedia":[{"embeddable":true,"href":"https:\/\/jfb-stiftung.de\/st-paulus-stift-neuoetting\/wp-json\/wp\/v2\/media\/7029"}],"wp:attachment":[{"href":"https:\/\/jfb-stiftung.de\/st-paulus-stift-neuoetting\/wp-json\/wp\/v2\/media?parent=7025"}],"wp:term":[{"taxonomy":"category","embeddable":true,"href":"https:\/\/jfb-stiftung.de\/st-paulus-stift-neuoetting\/wp-json\/wp\/v2\/categories?post=7025"},{"taxonomy":"post_tag","embeddable":true,"href":"https:\/\/jfb-stiftung.de\/st-paulus-stift-neuoetting\/wp-json\/wp\/v2\/tags?post=7025"}],"curies":[{"name":"wp","href":"https:\/\/api.w.org\/{rel}","templated":true}]}}