{"id":6969,"date":"2023-08-02T10:12:22","date_gmt":"2023-08-02T08:12:22","guid":{"rendered":"https:\/\/jfb-stiftung.de\/st-paulus-stift-neuoetting\/unsere-azubine-berichtet-in-der-zeitung\/"},"modified":"2023-08-03T10:43:06","modified_gmt":"2023-08-03T08:43:06","slug":"uunsere-frischgebackene-hep-berichtet-in-der-zeitung","status":"publish","type":"post","link":"https:\/\/jfb-stiftung.de\/st-paulus-stift-neuoetting\/uunsere-frischgebackene-hep-berichtet-in-der-zeitung\/","title":{"rendered":"Unsere frischgebackene HEP berichtet in der Zeitung"},"content":{"rendered":"<p>Heilerziehungspflegerin (HEP) Nadine Schmitter berichtet in dem am Freitag, den 28.7 im Ausbildungsmagazin des Alt-Neu\u00f6ttinger Anzeigers erschienenen Bericht &#8222;Es ist ein sch\u00f6nes Gef\u00fchl, helfen zu k\u00f6nnen&#8220; \u00fcber ihre spannende und abwechslungsreiche Ausbildung.<\/p>\n<p>Viel Spa\u00df beim Lesen:<\/p>\n<p>&nbsp;<\/p>\n<p><a href=\"https:\/\/jfb-stiftung.de\/wp-content\/uploads\/2023\/08\/alt-neuoettinger-anzeiger-28-07-2023.pdf\"><img fetchpriority=\"high\" decoding=\"async\" class=\"aligncenter size-medium wp-image-6970\" src=\"https:\/\/jfb-stiftung.de\/st-paulus-stift-neuoetting\/wp-content\/uploads\/sites\/9\/2023\/08\/HEP-Artikel-Ausbildungsjournal-2023-e1690964539358-1000x702.jpg\" alt=\"\" width=\"1000\" height=\"702\"><\/a><\/p>\n","protected":false},"excerpt":{"rendered":"<p>Heilerziehungspflegerin (HEP) Nadine Schmitter berichtet in dem am Freitag, den 28.7 im Ausbildungsmagazin des Alt-Neu\u00f6ttinger Anzeigers erschienenen Bericht &#8222;Es ist ein sch\u00f6nes Gef\u00fchl, helfen zu k\u00f6nnen&#8220; \u00fcber ihre spannende und \u2026<\/p>\n","protected":false},"author":2,"featured_media":6971,"comment_status":"closed","ping_status":"closed","sticky":false,"template":"","format":"standard","meta":{"_acf_changed":false,"footnotes":""},"categories":[31],"tags":[],"class_list":["post-6969","post","type-post","status-publish","format-standard","has-post-thumbnail","hentry","category-st-paulus-stift-neuoetting-news"],"acf":[],"publishpress_future_action":{"enabled":false,"date":"2026-05-09 10:51:06","action":"change-status","newStatus":"draft","terms":[],"taxonomy":"category","extraData":[]},"publishpress_future_workflow_manual_trigger":{"enabledWorkflows":[]},"_links":{"self":[{"href":"https:\/\/jfb-stiftung.de\/st-paulus-stift-neuoetting\/wp-json\/wp\/v2\/posts\/6969","targetHints":{"allow":["GET"]}}],"collection":[{"href":"https:\/\/jfb-stiftung.de\/st-paulus-stift-neuoetting\/wp-json\/wp\/v2\/posts"}],"about":[{"href":"https:\/\/jfb-stiftung.de\/st-paulus-stift-neuoetting\/wp-json\/wp\/v2\/types\/post"}],"author":[{"embeddable":true,"href":"https:\/\/jfb-stiftung.de\/st-paulus-stift-neuoetting\/wp-json\/wp\/v2\/users\/2"}],"replies":[{"embeddable":true,"href":"https:\/\/jfb-stiftung.de\/st-paulus-stift-neuoetting\/wp-json\/wp\/v2\/comments?post=6969"}],"version-history":[{"count":0,"href":"https:\/\/jfb-stiftung.de\/st-paulus-stift-neuoetting\/wp-json\/wp\/v2\/posts\/6969\/revisions"}],"wp:featuredmedia":[{"embeddable":true,"href":"https:\/\/jfb-stiftung.de\/st-paulus-stift-neuoetting\/wp-json\/wp\/v2\/media\/6971"}],"wp:attachment":[{"href":"https:\/\/jfb-stiftung.de\/st-paulus-stift-neuoetting\/wp-json\/wp\/v2\/media?parent=6969"}],"wp:term":[{"taxonomy":"category","embeddable":true,"href":"https:\/\/jfb-stiftung.de\/st-paulus-stift-neuoetting\/wp-json\/wp\/v2\/categories?post=6969"},{"taxonomy":"post_tag","embeddable":true,"href":"https:\/\/jfb-stiftung.de\/st-paulus-stift-neuoetting\/wp-json\/wp\/v2\/tags?post=6969"}],"curies":[{"name":"wp","href":"https:\/\/api.w.org\/{rel}","templated":true}]}}