{"id":6962,"date":"2023-08-02T08:22:00","date_gmt":"2023-08-02T06:22:00","guid":{"rendered":"https:\/\/jfb-stiftung.de\/st-paulus-stift-neuoetting\/viermal-happy-heps\/"},"modified":"2023-08-02T09:26:07","modified_gmt":"2023-08-02T07:26:07","slug":"viermal-happy-heps","status":"publish","type":"post","link":"https:\/\/jfb-stiftung.de\/st-paulus-stift-neuoetting\/viermal-happy-heps\/","title":{"rendered":"Viermal happy HEP&#8217;s"},"content":{"rendered":"<p>Viermal erfolgreicher Abschluss nach drei Jahren Weiterbildung zum HEP und zweimal zum HepH \u00a0konnten wir am Dienstag, den 01.08.2023 gemeinsam feiern.<\/p>\n<p>Gemeinsam mit Gesch\u00e4ftsbereichsleitung Fr. Mauer, Personalleiter Hr. Jung und Hr. Papenbrook-Schwarz als Vertreter der MAV trafen sich die frischgebackenen Heilerziehungspfleger und Heilerziehungspflegerinnen (HEP) im Konferenzraum zum gemeinsamen Brunch. Eine sch\u00f6ne und auch etwas anstrengende Zeit liegt hinter den Absolvent*innen: Schulzeit, doppelte Belastung in Arbeit und Schule und dann noch zwei von drei Jahren Ausbildung unter Corona-Vorgaben. Von online bis Pr\u00e4senz und das Ganze auf und ab mit Verordnungen und Allgemeinverf\u00fcgungen. Um so sch\u00f6ner, dass es im letzten Schuljahr wieder normale Bedingung, sowohl am Bildungszentrum, als auch in der t\u00e4glichen Arbeit gegeben hat. Sehr erfreulich auch die erreichten Abschl\u00fcsse allesamt im oberen Viertel. Es gab viel zu erz\u00e4hlen \u00fcber die Erlebnisse w\u00e4hrend der letzten drei Jahre, auch und vor allem kleine Schmonzetten aus dem Schulalltag. Mit dem heutigen Tag beginnt nun f\u00fcr alle vier der Alltag als staatlich gepr\u00fcfter HEP, dazu w\u00fcnschen wir viel Erfolg und eben auch viel Spa\u00df.<\/p>\n<p>Anmerkung: Zweimal gab es auch Abschl\u00fcsse nach einj\u00e4hriger Ausbildungszeit. Beide Absolventen waren leider beim Brunch verhindert, da sie bereits im Sommerurlaub sind.<\/p>\n<div id=\"attachment_6963\" style=\"width: 511px\" class=\"wp-caption aligncenter\"><img fetchpriority=\"high\" decoding=\"async\" aria-describedby=\"caption-attachment-6963\" class=\"wp-image-6963\" src=\"https:\/\/jfb-stiftung.de\/st-paulus-stift-neuoetting\/wp-content\/uploads\/sites\/9\/2023\/08\/Absolventenfeier01.08.2023.jpg\" alt=\"\" width=\"501\" height=\"273\"><p id=\"caption-attachment-6963\" class=\"wp-caption-text\">v.l. Christian Holzmann BL, Claudia Mauer GBL, Nadine Schmitter, Alexandra Sch\u00e4fer, Gwendolin Clos, Marcus Mitterer, Philipp Papenbrook- Schwab MAV, Joseph Jung Personalleiter<\/p><\/div>\n","protected":false},"excerpt":{"rendered":"<p>Viermal erfolgreicher Abschluss nach drei Jahren Weiterbildung zum HEP und zweimal zum HepH \u00a0konnten wir am Dienstag, den 01.08.2023 gemeinsam feiern. Gemeinsam mit Gesch\u00e4ftsbereichsleitung Fr. Mauer, Personalleiter Hr. Jung und \u2026<\/p>\n","protected":false},"author":2,"featured_media":6963,"comment_status":"closed","ping_status":"closed","sticky":false,"template":"","format":"standard","meta":{"_acf_changed":false,"footnotes":""},"categories":[31],"tags":[],"class_list":["post-6962","post","type-post","status-publish","format-standard","has-post-thumbnail","hentry","category-st-paulus-stift-neuoetting-news"],"acf":[],"publishpress_future_action":{"enabled":false,"date":"2026-05-09 12:01:55","action":"change-status","newStatus":"draft","terms":[],"taxonomy":"category","extraData":[]},"publishpress_future_workflow_manual_trigger":{"enabledWorkflows":[]},"_links":{"self":[{"href":"https:\/\/jfb-stiftung.de\/st-paulus-stift-neuoetting\/wp-json\/wp\/v2\/posts\/6962","targetHints":{"allow":["GET"]}}],"collection":[{"href":"https:\/\/jfb-stiftung.de\/st-paulus-stift-neuoetting\/wp-json\/wp\/v2\/posts"}],"about":[{"href":"https:\/\/jfb-stiftung.de\/st-paulus-stift-neuoetting\/wp-json\/wp\/v2\/types\/post"}],"author":[{"embeddable":true,"href":"https:\/\/jfb-stiftung.de\/st-paulus-stift-neuoetting\/wp-json\/wp\/v2\/users\/2"}],"replies":[{"embeddable":true,"href":"https:\/\/jfb-stiftung.de\/st-paulus-stift-neuoetting\/wp-json\/wp\/v2\/comments?post=6962"}],"version-history":[{"count":0,"href":"https:\/\/jfb-stiftung.de\/st-paulus-stift-neuoetting\/wp-json\/wp\/v2\/posts\/6962\/revisions"}],"wp:featuredmedia":[{"embeddable":true,"href":"https:\/\/jfb-stiftung.de\/st-paulus-stift-neuoetting\/wp-json\/wp\/v2\/media\/6963"}],"wp:attachment":[{"href":"https:\/\/jfb-stiftung.de\/st-paulus-stift-neuoetting\/wp-json\/wp\/v2\/media?parent=6962"}],"wp:term":[{"taxonomy":"category","embeddable":true,"href":"https:\/\/jfb-stiftung.de\/st-paulus-stift-neuoetting\/wp-json\/wp\/v2\/categories?post=6962"},{"taxonomy":"post_tag","embeddable":true,"href":"https:\/\/jfb-stiftung.de\/st-paulus-stift-neuoetting\/wp-json\/wp\/v2\/tags?post=6962"}],"curies":[{"name":"wp","href":"https:\/\/api.w.org\/{rel}","templated":true}]}}