{"id":6843,"date":"2023-06-13T11:20:41","date_gmt":"2023-06-13T09:20:41","guid":{"rendered":"https:\/\/jfb-stiftung.de\/st-paulus-stift-neuoetting\/?p=6843"},"modified":"2023-06-14T08:17:03","modified_gmt":"2023-06-14T06:17:03","slug":"viele-gespraeche-auf-der-ikoro-messe-am-campus-muehldorf","status":"publish","type":"post","link":"https:\/\/jfb-stiftung.de\/st-paulus-stift-neuoetting\/viele-gespraeche-auf-der-ikoro-messe-am-campus-muehldorf\/","title":{"rendered":"Viele Gespr\u00e4che auf der IKORO Messe am Campus M\u00fchldorf"},"content":{"rendered":"<p>Welche Perspektiven haben Studentinnen und Studenten der sozialen Arbeit im St. Paulus Stift Neu\u00f6tting? Um diese Frage drehten sich die Gespr\u00e4che w\u00e4hrend der IKORO am Campus M\u00fchldorf, die am Freitag, den 19.5.2023 stattfand. Die Infomesse richtete sich an Studierende aller sozialen und p\u00e4dagogischen Fachrichtungen und an Arbeitgeber, die sich und ihre Schwerpunkte pr\u00e4sentieren wollten. Das St. Paulus Stift Neu\u00f6tting war auch mit einem Stand vertreten, um \u00fcber sein Angebotsspektrum hier in Neu\u00f6tting, aber auch \u00fcber die Jacob Friedrich Bussereau Stiftung als Arbeitgeber zu informieren. Wir haben bereits mehrfach mit Studierenden des Campus M\u00fchldorf zusammengearbeitet und bieten Praktikumsstellen z.B. f\u00fcr das Werkssemester an. Nat\u00fcrlich freuen wir uns auch, wenn wir \u201efrischgebackene\u201c Sozialp\u00e4dagogen bei uns als Mitarbeiter*innen begr\u00fc\u00dfen k\u00f6nnen. Bei Interesse k\u00f6nnen sich Studierende oder Absolventen jederzeit bei uns melden.<\/p>\n<p>&nbsp;<\/p>\n","protected":false},"excerpt":{"rendered":"<p>Welche Perspektiven haben Studentinnen und Studenten der sozialen Arbeit im St. Paulus Stift Neu\u00f6tting? Um diese Frage drehten sich die Gespr\u00e4che w\u00e4hrend der IKORO am Campus M\u00fchldorf, die am Freitag, \u2026<\/p>\n","protected":false},"author":2,"featured_media":6847,"comment_status":"closed","ping_status":"closed","sticky":false,"template":"","format":"standard","meta":{"_acf_changed":false,"footnotes":""},"categories":[31],"tags":[],"class_list":["post-6843","post","type-post","status-publish","format-standard","has-post-thumbnail","hentry","category-st-paulus-stift-neuoetting-news"],"acf":[],"publishpress_future_action":{"enabled":false,"date":"2026-05-09 10:53:05","action":"change-status","newStatus":"draft","terms":[],"taxonomy":"category","extraData":[]},"publishpress_future_workflow_manual_trigger":{"enabledWorkflows":[]},"_links":{"self":[{"href":"https:\/\/jfb-stiftung.de\/st-paulus-stift-neuoetting\/wp-json\/wp\/v2\/posts\/6843","targetHints":{"allow":["GET"]}}],"collection":[{"href":"https:\/\/jfb-stiftung.de\/st-paulus-stift-neuoetting\/wp-json\/wp\/v2\/posts"}],"about":[{"href":"https:\/\/jfb-stiftung.de\/st-paulus-stift-neuoetting\/wp-json\/wp\/v2\/types\/post"}],"author":[{"embeddable":true,"href":"https:\/\/jfb-stiftung.de\/st-paulus-stift-neuoetting\/wp-json\/wp\/v2\/users\/2"}],"replies":[{"embeddable":true,"href":"https:\/\/jfb-stiftung.de\/st-paulus-stift-neuoetting\/wp-json\/wp\/v2\/comments?post=6843"}],"version-history":[{"count":0,"href":"https:\/\/jfb-stiftung.de\/st-paulus-stift-neuoetting\/wp-json\/wp\/v2\/posts\/6843\/revisions"}],"wp:featuredmedia":[{"embeddable":true,"href":"https:\/\/jfb-stiftung.de\/st-paulus-stift-neuoetting\/wp-json\/wp\/v2\/media\/6847"}],"wp:attachment":[{"href":"https:\/\/jfb-stiftung.de\/st-paulus-stift-neuoetting\/wp-json\/wp\/v2\/media?parent=6843"}],"wp:term":[{"taxonomy":"category","embeddable":true,"href":"https:\/\/jfb-stiftung.de\/st-paulus-stift-neuoetting\/wp-json\/wp\/v2\/categories?post=6843"},{"taxonomy":"post_tag","embeddable":true,"href":"https:\/\/jfb-stiftung.de\/st-paulus-stift-neuoetting\/wp-json\/wp\/v2\/tags?post=6843"}],"curies":[{"name":"wp","href":"https:\/\/api.w.org\/{rel}","templated":true}]}}