{"id":6753,"date":"2023-05-30T11:53:28","date_gmt":"2023-05-30T09:53:28","guid":{"rendered":"https:\/\/jfb-stiftung.de\/st-paulus-stift-neuoetting\/auffangstation-fuer-igel-im-garten-einer-wohngruppe\/"},"modified":"2023-06-12T11:43:11","modified_gmt":"2023-06-12T09:43:11","slug":"aussengehege-fuer-igel-im-garten-einer-wohngruppe","status":"publish","type":"post","link":"https:\/\/jfb-stiftung.de\/st-paulus-stift-neuoetting\/aussengehege-fuer-igel-im-garten-einer-wohngruppe\/","title":{"rendered":"Au\u00dfengehege f\u00fcr Igel im Garten einer Wohngruppe"},"content":{"rendered":"<p>Die beiden Wohngemeinschaften Barbara\/Daniel sind im wahrsten Sinne des Wortes auf den \u201eIgel\u201c gekommen. Mitten in ihrem sch\u00f6nen Gartenbereich stehen vier Holzh\u00e4uschen in denen aktuell vier Igel wohnen. Ein tierischer Mitbewohner ist eines Tages zuf\u00e4llig und durch eine gute F\u00fcgung genau auf die richtige Wohngruppe spaziert.<br \/>\nDie Leiterin der Wohngemeinschaften ist schon seit einiger Zeit f\u00fcr die Igelauffangstationen im Landkreis t\u00e4tig, in der jedes Jahr mehrere kranke und\/oder verletzte Igel aufgep\u00e4ppelt werden und dann selbstverst\u00e4ndlich wieder ausgewildert werden. Was f\u00fcr ein Zufall also, als im vergangenen Sommer der kr\u00e4nkliche Igel Pauli (sein Name r\u00fchrt nat\u00fcrlich vom St. Paulus Stift \u2013 die Idee f\u00fcr den Namen kam von den Bewohner*innen) auf dem Gang der Wohngruppe entlang gelaufen war und zur \u201eIgel-Experten-Gruppe Barbara\/Daniel\u201c gebracht wurde. Schnell war klar, dass es Igel Pauli gar nicht gut ging und er dringend Hilfe ben\u00f6tigte. Mit einer Lungenentz\u00fcndung und obendrauf noch einer gr\u00f6\u00dferen Zahnsanierung wurde Igel Pauli f\u00fcr acht Wochen in der Igelstation des Landkreises station\u00e4r aufgenommen und wieder fit gepflegt. Zeitgleich wurde f\u00fcr Pauli, mit freundlicher Unterst\u00fctzung der Holzwerkstatt im St. Paulus Stift, ein Futterhaus in seinem Heimatgarten gebaut, so dass er sich nach seiner R\u00fcckkehr auch richtig wohlf\u00fchlen konnte. Das neue Futterhaus gefiel aber nicht nur Pauli richtig gut, sondern auch mehreren anderen Igeln, die sich rund um das Au\u00dfengel\u00e4nde des St. Paulus Stifts tummelten und die neue leckere Futterquelle entdeckt hatten. Die Mitarbeiter*innen der Holzwerkstatt fackelten nicht lange und bauten noch Schlafh\u00e4uschen dazu, wo die Igel bei Bedarf ihren Winterschlaf abhalten k\u00f6nnen. Im Winter bemerkten die Bewohner*innen der Wohngemeinschaften dann drei winzig kleine Igel, die gerade einmal zwischen 250 und 320g wogen, also viel zu klein und zierlich waren, um den Winterschlaf zu \u00fcberstehen. Die engagierte Gruppenleiterin nahm die schwachen Igel mit nach Hause und p\u00e4ppelte sie in Kooperation mit der Igelhilfe wieder auf, so dass sie ihren Winterschlaf gut und sicher verbringen konnten. Ohne Namen f\u00fcr die Igel ging nat\u00fcrlich gar nicht und die Bewohner*innen entschieden sich schlussendlich f\u00fcr: Olaf (von Olaf dem Schneemann, weil er so eiskalt war, als er gefunden wurde), Sissibert (urspr\u00fcnglich Sissi, hat sich aber herausgestellt, dass Sissi ein Bub ist, also Sissibert) und Luna.\u00a0 Aufgewacht sind alle drei Igel dann Ende April und nach wenigen Wochen in ihrem Auswilderungsgehege konnten auch Olaf, Sissibert und Luna in die Freiheit entlassen werden. Zusammen mit Pauli leben sie in ihrem Heimatgarten im St. Paulus Stift und statten ihren Rettern, den f\u00fcrsorglichen Bewohner*innen, die sich immer um die Verpflegung der Igel k\u00fcmmerten und noch k\u00fcmmern gerne einen Besuch ab. Bei so viel Engagement und Einsatz von allen, werden auch die n\u00e4chsten kr\u00e4nklichen oder schwachen Igel im St. Paulus Stift bestimmt wieder gut versorgt werden.<\/p>\n<p><img fetchpriority=\"high\" decoding=\"async\" class=\"wp-image-6755 alignnone\" src=\"https:\/\/jfb-stiftung.de\/st-paulus-stift-neuoetting\/wp-content\/uploads\/sites\/9\/2023\/05\/Igelprojekt-1000x750.jpg\" alt=\"\" width=\"350\" height=\"263\" srcset=\"https:\/\/jfb-stiftung.de\/st-paulus-stift-neuoetting\/wp-content\/uploads\/sites\/9\/2023\/05\/Igelprojekt-1000x750.jpg 1000w, https:\/\/jfb-stiftung.de\/st-paulus-stift-neuoetting\/wp-content\/uploads\/sites\/9\/2023\/05\/Igelprojekt-1500x1125.jpg 1500w, https:\/\/jfb-stiftung.de\/st-paulus-stift-neuoetting\/wp-content\/uploads\/sites\/9\/2023\/05\/Igelprojekt-768x576.jpg 768w, https:\/\/jfb-stiftung.de\/st-paulus-stift-neuoetting\/wp-content\/uploads\/sites\/9\/2023\/05\/Igelprojekt-1536x1152.jpg 1536w, https:\/\/jfb-stiftung.de\/st-paulus-stift-neuoetting\/wp-content\/uploads\/sites\/9\/2023\/05\/Igelprojekt-2048x1536.jpg 2048w\" sizes=\"(max-width: 350px) 100vw, 350px\" \/> <img decoding=\"async\" class=\" wp-image-6756 alignnone\" src=\"https:\/\/jfb-stiftung.de\/st-paulus-stift-neuoetting\/wp-content\/uploads\/sites\/9\/2023\/05\/Igel-Collage.png\" alt=\"\" width=\"327\" height=\"263\" srcset=\"https:\/\/jfb-stiftung.de\/st-paulus-stift-neuoetting\/wp-content\/uploads\/sites\/9\/2023\/05\/Igel-Collage.png 1000w, https:\/\/jfb-stiftung.de\/st-paulus-stift-neuoetting\/wp-content\/uploads\/sites\/9\/2023\/05\/Igel-Collage-768x617.png 768w\" sizes=\"(max-width: 327px) 100vw, 327px\" \/> <img decoding=\"async\" class=\" wp-image-6754 alignnone\" src=\"https:\/\/jfb-stiftung.de\/st-paulus-stift-neuoetting\/wp-content\/uploads\/sites\/9\/2023\/05\/Auswilderungsgehege-Igel.jpg\" alt=\"\" width=\"352\" height=\"264\" srcset=\"https:\/\/jfb-stiftung.de\/st-paulus-stift-neuoetting\/wp-content\/uploads\/sites\/9\/2023\/05\/Auswilderungsgehege-Igel.jpg 1000w, https:\/\/jfb-stiftung.de\/st-paulus-stift-neuoetting\/wp-content\/uploads\/sites\/9\/2023\/05\/Auswilderungsgehege-Igel-768x576.jpg 768w\" sizes=\"(max-width: 352px) 100vw, 352px\" \/><\/p>\n<p>&nbsp;<\/p>\n<p>&nbsp;<\/p>\n","protected":false},"excerpt":{"rendered":"<p>Die beiden Wohngemeinschaften Barbara\/Daniel sind im wahrsten Sinne des Wortes auf den \u201eIgel\u201c gekommen. Mitten in ihrem sch\u00f6nen Gartenbereich stehen vier Holzh\u00e4uschen in denen aktuell vier Igel wohnen. Ein tierischer \u2026<\/p>\n","protected":false},"author":2,"featured_media":6757,"comment_status":"closed","ping_status":"closed","sticky":false,"template":"","format":"standard","meta":{"_acf_changed":false,"footnotes":""},"categories":[31],"tags":[],"class_list":["post-6753","post","type-post","status-publish","format-standard","has-post-thumbnail","hentry","category-st-paulus-stift-neuoetting-news"],"acf":[],"publishpress_future_action":{"enabled":false,"date":"2026-05-09 12:18:26","action":"change-status","newStatus":"draft","terms":[],"taxonomy":"category","extraData":[]},"publishpress_future_workflow_manual_trigger":{"enabledWorkflows":[]},"_links":{"self":[{"href":"https:\/\/jfb-stiftung.de\/st-paulus-stift-neuoetting\/wp-json\/wp\/v2\/posts\/6753","targetHints":{"allow":["GET"]}}],"collection":[{"href":"https:\/\/jfb-stiftung.de\/st-paulus-stift-neuoetting\/wp-json\/wp\/v2\/posts"}],"about":[{"href":"https:\/\/jfb-stiftung.de\/st-paulus-stift-neuoetting\/wp-json\/wp\/v2\/types\/post"}],"author":[{"embeddable":true,"href":"https:\/\/jfb-stiftung.de\/st-paulus-stift-neuoetting\/wp-json\/wp\/v2\/users\/2"}],"replies":[{"embeddable":true,"href":"https:\/\/jfb-stiftung.de\/st-paulus-stift-neuoetting\/wp-json\/wp\/v2\/comments?post=6753"}],"version-history":[{"count":0,"href":"https:\/\/jfb-stiftung.de\/st-paulus-stift-neuoetting\/wp-json\/wp\/v2\/posts\/6753\/revisions"}],"wp:featuredmedia":[{"embeddable":true,"href":"https:\/\/jfb-stiftung.de\/st-paulus-stift-neuoetting\/wp-json\/wp\/v2\/media\/6757"}],"wp:attachment":[{"href":"https:\/\/jfb-stiftung.de\/st-paulus-stift-neuoetting\/wp-json\/wp\/v2\/media?parent=6753"}],"wp:term":[{"taxonomy":"category","embeddable":true,"href":"https:\/\/jfb-stiftung.de\/st-paulus-stift-neuoetting\/wp-json\/wp\/v2\/categories?post=6753"},{"taxonomy":"post_tag","embeddable":true,"href":"https:\/\/jfb-stiftung.de\/st-paulus-stift-neuoetting\/wp-json\/wp\/v2\/tags?post=6753"}],"curies":[{"name":"wp","href":"https:\/\/api.w.org\/{rel}","templated":true}]}}