{"id":6563,"date":"2023-05-17T08:57:18","date_gmt":"2023-05-17T06:57:18","guid":{"rendered":"https:\/\/jfb-stiftung.de\/st-paulus-stift-neuoetting\/?p=6563"},"modified":"2023-05-17T09:13:15","modified_gmt":"2023-05-17T07:13:15","slug":"schee-wars-unser-maibaumbaumfest","status":"publish","type":"post","link":"https:\/\/jfb-stiftung.de\/st-paulus-stift-neuoetting\/schee-wars-unser-maibaumbaumfest\/","title":{"rendered":"&#8218;Schee wars&#8216; unser Maibaumbaumfest"},"content":{"rendered":"<p>Z\u00fcnftig, gem\u00fctlich und mit gutem Essen so kann man das traditionelle Maibaumfest im St. Paulus Stift zusammenfassen, das am Samstag, den 13.5.2023 stattfand. Neben dem sagenhaften Kuchenbuffet mit allerhand Leckereien und der typisch bayrischen Brotzeit gegen Abend, sorgte der Auftritt der Jugendgruppe des Trachtenvereins sowie der Auftritt von &#8222;Kone und friends&#8220; (einer Blasmusik-Band) f\u00fcr tolle Stimmung. Kein Wunder also, dass sich zahlreiche Besucher*innen, Bewohner*innen und auch Mitarbeiter*innen auf dem sch\u00f6nen Au\u00dfengel\u00e4nde des St. Paulus Stifts zum Maibaumfest tummelten. Ein kleines Wunder auch, dass es passend zum Fest angenehmes trockenes Wetter gab bei wei\u00df blauem Himmel und strahlendem Sonnenschein. Fast auf die Sekunde genau, als das sch\u00f6ne Fest beendet wurde tauchte eine riesige Gewitterwolke am Himmel auf, die f\u00fcr einen Hagelschauer sorgte. Ein rundum gelungenes Fest bei dem vom Wetter \u00fcbers Essen bis hin zur Unterhaltung alles stimmte.<\/p>\n<p><img fetchpriority=\"high\" decoding=\"async\" class=\" wp-image-6564 alignnone\" src=\"https:\/\/jfb-stiftung.de\/st-paulus-stift-neuoetting\/wp-content\/uploads\/sites\/9\/2023\/05\/Maibaumfest-NOe-2023-2-750x1000.jpg\" alt=\"\" width=\"230\" height=\"307\"> <img decoding=\"async\" class=\"wp-image-6570 alignnone\" src=\"https:\/\/jfb-stiftung.de\/st-paulus-stift-neuoetting\/wp-content\/uploads\/sites\/9\/2023\/05\/Maibaumfest-NOe-2023-4-750x1000.jpg\" alt=\"\" width=\"229\" height=\"305\"> <img decoding=\"async\" class=\" wp-image-6569 alignnone\" src=\"https:\/\/jfb-stiftung.de\/st-paulus-stift-neuoetting\/wp-content\/uploads\/sites\/9\/2023\/05\/Maibaumfest-NOe-2023-5-750x1000.jpg\" alt=\"\" width=\"230\" height=\"307\"> <img loading=\"lazy\" decoding=\"async\" class=\" wp-image-6568 alignnone\" src=\"https:\/\/jfb-stiftung.de\/st-paulus-stift-neuoetting\/wp-content\/uploads\/sites\/9\/2023\/05\/Maibaumfest-NOe-2023-6-750x1000.jpg\" alt=\"\" width=\"229\" height=\"305\"><\/p>\n<p>&nbsp;<\/p>\n","protected":false},"excerpt":{"rendered":"<p>Z\u00fcnftig, gem\u00fctlich und mit gutem Essen so kann man das traditionelle Maibaumfest im St. Paulus Stift zusammenfassen, das am Samstag, den 13.5.2023 stattfand. Neben dem sagenhaften Kuchenbuffet mit allerhand Leckereien \u2026<\/p>\n","protected":false},"author":2,"featured_media":6565,"comment_status":"closed","ping_status":"closed","sticky":false,"template":"","format":"standard","meta":{"_acf_changed":false,"footnotes":""},"categories":[31],"tags":[],"class_list":["post-6563","post","type-post","status-publish","format-standard","has-post-thumbnail","hentry","category-st-paulus-stift-neuoetting-news"],"acf":[],"publishpress_future_action":{"enabled":false,"date":"2026-05-07 14:25:44","action":"change-status","newStatus":"draft","terms":[],"taxonomy":"category","extraData":[]},"publishpress_future_workflow_manual_trigger":{"enabledWorkflows":[]},"_links":{"self":[{"href":"https:\/\/jfb-stiftung.de\/st-paulus-stift-neuoetting\/wp-json\/wp\/v2\/posts\/6563","targetHints":{"allow":["GET"]}}],"collection":[{"href":"https:\/\/jfb-stiftung.de\/st-paulus-stift-neuoetting\/wp-json\/wp\/v2\/posts"}],"about":[{"href":"https:\/\/jfb-stiftung.de\/st-paulus-stift-neuoetting\/wp-json\/wp\/v2\/types\/post"}],"author":[{"embeddable":true,"href":"https:\/\/jfb-stiftung.de\/st-paulus-stift-neuoetting\/wp-json\/wp\/v2\/users\/2"}],"replies":[{"embeddable":true,"href":"https:\/\/jfb-stiftung.de\/st-paulus-stift-neuoetting\/wp-json\/wp\/v2\/comments?post=6563"}],"version-history":[{"count":0,"href":"https:\/\/jfb-stiftung.de\/st-paulus-stift-neuoetting\/wp-json\/wp\/v2\/posts\/6563\/revisions"}],"wp:featuredmedia":[{"embeddable":true,"href":"https:\/\/jfb-stiftung.de\/st-paulus-stift-neuoetting\/wp-json\/wp\/v2\/media\/6565"}],"wp:attachment":[{"href":"https:\/\/jfb-stiftung.de\/st-paulus-stift-neuoetting\/wp-json\/wp\/v2\/media?parent=6563"}],"wp:term":[{"taxonomy":"category","embeddable":true,"href":"https:\/\/jfb-stiftung.de\/st-paulus-stift-neuoetting\/wp-json\/wp\/v2\/categories?post=6563"},{"taxonomy":"post_tag","embeddable":true,"href":"https:\/\/jfb-stiftung.de\/st-paulus-stift-neuoetting\/wp-json\/wp\/v2\/tags?post=6563"}],"curies":[{"name":"wp","href":"https:\/\/api.w.org\/{rel}","templated":true}]}}