{"id":6342,"date":"2023-04-18T11:38:34","date_gmt":"2023-04-18T09:38:34","guid":{"rendered":"https:\/\/jfb-stiftung.de\/st-paulus-stift-neuoetting\/grosser-osterbrunch-in-der-aula\/"},"modified":"2023-04-18T12:33:30","modified_gmt":"2023-04-18T10:33:30","slug":"grosser-osterbrunch-in-der-aula","status":"publish","type":"post","link":"https:\/\/jfb-stiftung.de\/st-paulus-stift-neuoetting\/grosser-osterbrunch-in-der-aula\/","title":{"rendered":"Gro\u00dfer Osterbrunch in der Aula"},"content":{"rendered":"<p>Es war was los, es war gute Stimmung, es war gem\u00fctlich und es war unglaublich lecker. Endlich konnte die liebgewonnene Tradition eines Osterbrunches im St. Paulus Stift auch wieder so richtig gro\u00df gefeiert werden. Das K\u00fcchenteam lie\u00df keine W\u00fcnsche offen und zauberte fantastische Wurstplatten, K\u00e4seplatten, Gem\u00fcsesticks, Dips, Salate und vieles mehr. Auch bei den s\u00fc\u00dfen Leckereien war f\u00fcr jeden etwas dabei: Die Entscheidung zwischen den vielen verschiedenen Kaffeest\u00fcckchen, Croissants und Kuchen zu w\u00e4hlen viel so manchem schwer (es sah einfach alles so verdammt gut aus). Als besonderes Highlight sorgte ein Live-Auftritt einer Jazz-Musikerin f\u00fcr so richtig sch\u00f6ne Wohlf\u00fchlstimmung. Herzlichen Dank an den F\u00f6rderverein, der die Kosten f\u00fcr die Gage der Musikerin \u00fcbernommen hat. Gehen wollte hier so schnell keiner und so dehnte sich der Osterbrunch bis in den fr\u00fchen Mittag aus und, ob ihr es glaubt oder nicht das Buffet war tats\u00e4chlich bis auf ein paar Kr\u00fcmel leergefegt.<\/p>\n<p>&nbsp;<\/p>\n<p><img fetchpriority=\"high\" decoding=\"async\" class=\"wp-image-6345 aligncenter\" src=\"https:\/\/jfb-stiftung.de\/st-paulus-stift-neuoetting\/wp-content\/uploads\/sites\/9\/2023\/04\/Collage-Osterbrunch.png\" alt=\"\" width=\"524\" height=\"325\" srcset=\"https:\/\/jfb-stiftung.de\/st-paulus-stift-neuoetting\/wp-content\/uploads\/sites\/9\/2023\/04\/Collage-Osterbrunch.png 842w, https:\/\/jfb-stiftung.de\/st-paulus-stift-neuoetting\/wp-content\/uploads\/sites\/9\/2023\/04\/Collage-Osterbrunch-768x476.png 768w\" sizes=\"(max-width: 524px) 100vw, 524px\" \/><\/p>\n","protected":false},"excerpt":{"rendered":"<p>Es war was los, es war gute Stimmung, es war gem\u00fctlich und es war unglaublich lecker. Endlich konnte die liebgewonnene Tradition eines Osterbrunches im St. Paulus Stift auch wieder so \u2026<\/p>\n","protected":false},"author":2,"featured_media":6346,"comment_status":"closed","ping_status":"closed","sticky":false,"template":"","format":"standard","meta":{"_acf_changed":false,"footnotes":""},"categories":[31],"tags":[],"class_list":["post-6342","post","type-post","status-publish","format-standard","has-post-thumbnail","hentry","category-st-paulus-stift-neuoetting-news"],"acf":[],"publishpress_future_action":{"enabled":false,"date":"2026-05-09 10:51:06","action":"change-status","newStatus":"draft","terms":[],"taxonomy":"category","extraData":[]},"publishpress_future_workflow_manual_trigger":{"enabledWorkflows":[]},"_links":{"self":[{"href":"https:\/\/jfb-stiftung.de\/st-paulus-stift-neuoetting\/wp-json\/wp\/v2\/posts\/6342","targetHints":{"allow":["GET"]}}],"collection":[{"href":"https:\/\/jfb-stiftung.de\/st-paulus-stift-neuoetting\/wp-json\/wp\/v2\/posts"}],"about":[{"href":"https:\/\/jfb-stiftung.de\/st-paulus-stift-neuoetting\/wp-json\/wp\/v2\/types\/post"}],"author":[{"embeddable":true,"href":"https:\/\/jfb-stiftung.de\/st-paulus-stift-neuoetting\/wp-json\/wp\/v2\/users\/2"}],"replies":[{"embeddable":true,"href":"https:\/\/jfb-stiftung.de\/st-paulus-stift-neuoetting\/wp-json\/wp\/v2\/comments?post=6342"}],"version-history":[{"count":0,"href":"https:\/\/jfb-stiftung.de\/st-paulus-stift-neuoetting\/wp-json\/wp\/v2\/posts\/6342\/revisions"}],"wp:featuredmedia":[{"embeddable":true,"href":"https:\/\/jfb-stiftung.de\/st-paulus-stift-neuoetting\/wp-json\/wp\/v2\/media\/6346"}],"wp:attachment":[{"href":"https:\/\/jfb-stiftung.de\/st-paulus-stift-neuoetting\/wp-json\/wp\/v2\/media?parent=6342"}],"wp:term":[{"taxonomy":"category","embeddable":true,"href":"https:\/\/jfb-stiftung.de\/st-paulus-stift-neuoetting\/wp-json\/wp\/v2\/categories?post=6342"},{"taxonomy":"post_tag","embeddable":true,"href":"https:\/\/jfb-stiftung.de\/st-paulus-stift-neuoetting\/wp-json\/wp\/v2\/tags?post=6342"}],"curies":[{"name":"wp","href":"https:\/\/api.w.org\/{rel}","templated":true}]}}