{"id":6261,"date":"2023-03-27T11:58:47","date_gmt":"2023-03-27T09:58:47","guid":{"rendered":"https:\/\/jfb-stiftung.de\/st-paulus-stift-neuoetting\/aus-dem-weihnachtsbaum-wurde-der-jahresbaum\/"},"modified":"2023-03-27T12:03:45","modified_gmt":"2023-03-27T10:03:45","slug":"aus-dem-weihnachtsbaum-wurde-der-jahresbaum","status":"publish","type":"post","link":"https:\/\/jfb-stiftung.de\/st-paulus-stift-neuoetting\/aus-dem-weihnachtsbaum-wurde-der-jahresbaum\/","title":{"rendered":"Aus dem Weihnachtsbaum wurde der Jahresbaum"},"content":{"rendered":"<p>F\u00fcnf Jahre gibt es den au\u00dfergew\u00f6hnlichen &#8222;Jahresbaum&#8220; schon auf Gruppe Josef und die Idee hatte Brigitte, die in der Wohngemeinschaft schon seit l\u00e4ngerer Zeit ihr Zuhause gefunden hat. Brigitte liebt sch\u00f6n geschm\u00fcckte Weihnachtsb\u00e4ume und irgendwann bekam sie selbst ein kleines Weihnachtsb\u00e4umchen geschenkt. Doch aus dem kleinen Weihnachtsb\u00e4umchen nur f\u00fcr sie wurde irgendwann ein gro\u00dfer Weihnachtsbaum, nein Jahresbaum, der nicht nur alle Bewohner*innen auf St. Josef erfreut, sondern auch daf\u00fcr sorgt, dass andere Menschen aus dem St. Paulus Stift gerne mal kurz vorbeigekommen, um den neusten Baum zu bewundern. Sogar ein Bericht in der Zeitung gab es schon von Brigittes Jahresbaum. Der gro\u00dfe k\u00fcnstliche Tannenbaum mit einer H\u00f6he von 2,50m und einem Durchmesser von 1,60m, der Mitten im Wohnzimmer der WG steht, wird also zu jeder Jahreszeit oder jedem Anlass unglaublich sch\u00f6n geschm\u00fcckt. Sei es an Fasching mit bunten, glitzernden Luftschlangen, an Pfingsten mit wunderbaren Bl\u00fcten der Pfingstrose, als Sommerbaum mit unz\u00e4hligen Sonnenblumen, Herbstbaum mit buntem Laub, und und und. Die ganze Geschichte von Brigitte und ihrem Jahresbaum gibt es hier: <a title=\"Der Ganzjahresbaum\" href=\"https:\/\/jfb-stiftung.de\/wp-content\/uploads\/2023\/03\/GANZJAHRESBAUM-09.01.2020-NEU.pdf\" target=\"_blank\" rel=\"noopener\">Der Ganzjahresbaum.\u00a0<\/a><\/p>\n<p><img fetchpriority=\"high\" decoding=\"async\" class=\"alignnone wp-image-6263\" src=\"https:\/\/jfb-stiftung.de\/st-paulus-stift-neuoetting\/wp-content\/uploads\/sites\/9\/2023\/03\/Pfingstbaum-753x1000.png\" alt=\"\" width=\"230\" height=\"305\" srcset=\"https:\/\/jfb-stiftung.de\/st-paulus-stift-neuoetting\/wp-content\/uploads\/sites\/9\/2023\/03\/Pfingstbaum-753x1000.png 753w, https:\/\/jfb-stiftung.de\/st-paulus-stift-neuoetting\/wp-content\/uploads\/sites\/9\/2023\/03\/Pfingstbaum-768x1020.png 768w, https:\/\/jfb-stiftung.de\/st-paulus-stift-neuoetting\/wp-content\/uploads\/sites\/9\/2023\/03\/Pfingstbaum.png 794w\" sizes=\"(max-width: 230px) 100vw, 230px\" \/> <img decoding=\"async\" class=\"alignnone wp-image-6264\" src=\"https:\/\/jfb-stiftung.de\/st-paulus-stift-neuoetting\/wp-content\/uploads\/sites\/9\/2023\/03\/verschiedene-Jahresbaeume_Collage-1000x502.png\" alt=\"\" width=\"614\" height=\"308\" srcset=\"https:\/\/jfb-stiftung.de\/st-paulus-stift-neuoetting\/wp-content\/uploads\/sites\/9\/2023\/03\/verschiedene-Jahresbaeume_Collage-1000x502.png 1000w, https:\/\/jfb-stiftung.de\/st-paulus-stift-neuoetting\/wp-content\/uploads\/sites\/9\/2023\/03\/verschiedene-Jahresbaeume_Collage-768x386.png 768w, https:\/\/jfb-stiftung.de\/st-paulus-stift-neuoetting\/wp-content\/uploads\/sites\/9\/2023\/03\/verschiedene-Jahresbaeume_Collage.png 1500w\" sizes=\"(max-width: 614px) 100vw, 614px\" \/> <img decoding=\"async\" class=\"alignnone wp-image-6262\" src=\"https:\/\/jfb-stiftung.de\/st-paulus-stift-neuoetting\/wp-content\/uploads\/sites\/9\/2023\/03\/Ostereierbaum-791x1000.png\" alt=\"\" width=\"243\" height=\"307\" srcset=\"https:\/\/jfb-stiftung.de\/st-paulus-stift-neuoetting\/wp-content\/uploads\/sites\/9\/2023\/03\/Ostereierbaum-791x1000.png 791w, https:\/\/jfb-stiftung.de\/st-paulus-stift-neuoetting\/wp-content\/uploads\/sites\/9\/2023\/03\/Ostereierbaum-949x1200.png 949w, https:\/\/jfb-stiftung.de\/st-paulus-stift-neuoetting\/wp-content\/uploads\/sites\/9\/2023\/03\/Ostereierbaum-768x971.png 768w, https:\/\/jfb-stiftung.de\/st-paulus-stift-neuoetting\/wp-content\/uploads\/sites\/9\/2023\/03\/Ostereierbaum.png 970w\" sizes=\"(max-width: 243px) 100vw, 243px\" \/><\/p>\n","protected":false},"excerpt":{"rendered":"<p>F\u00fcnf Jahre gibt es den au\u00dfergew\u00f6hnlichen &#8222;Jahresbaum&#8220; schon auf Gruppe Josef und die Idee hatte Brigitte, die in der Wohngemeinschaft schon seit l\u00e4ngerer Zeit ihr Zuhause gefunden hat. Brigitte liebt \u2026<\/p>\n","protected":false},"author":2,"featured_media":6265,"comment_status":"closed","ping_status":"closed","sticky":false,"template":"","format":"standard","meta":{"_acf_changed":false,"footnotes":""},"categories":[31],"tags":[],"class_list":["post-6261","post","type-post","status-publish","format-standard","has-post-thumbnail","hentry","category-st-paulus-stift-neuoetting-news"],"acf":[],"publishpress_future_action":{"enabled":false,"date":"2026-05-09 12:04:36","action":"change-status","newStatus":"draft","terms":[],"taxonomy":"category","extraData":[]},"publishpress_future_workflow_manual_trigger":{"enabledWorkflows":[]},"_links":{"self":[{"href":"https:\/\/jfb-stiftung.de\/st-paulus-stift-neuoetting\/wp-json\/wp\/v2\/posts\/6261","targetHints":{"allow":["GET"]}}],"collection":[{"href":"https:\/\/jfb-stiftung.de\/st-paulus-stift-neuoetting\/wp-json\/wp\/v2\/posts"}],"about":[{"href":"https:\/\/jfb-stiftung.de\/st-paulus-stift-neuoetting\/wp-json\/wp\/v2\/types\/post"}],"author":[{"embeddable":true,"href":"https:\/\/jfb-stiftung.de\/st-paulus-stift-neuoetting\/wp-json\/wp\/v2\/users\/2"}],"replies":[{"embeddable":true,"href":"https:\/\/jfb-stiftung.de\/st-paulus-stift-neuoetting\/wp-json\/wp\/v2\/comments?post=6261"}],"version-history":[{"count":0,"href":"https:\/\/jfb-stiftung.de\/st-paulus-stift-neuoetting\/wp-json\/wp\/v2\/posts\/6261\/revisions"}],"wp:featuredmedia":[{"embeddable":true,"href":"https:\/\/jfb-stiftung.de\/st-paulus-stift-neuoetting\/wp-json\/wp\/v2\/media\/6265"}],"wp:attachment":[{"href":"https:\/\/jfb-stiftung.de\/st-paulus-stift-neuoetting\/wp-json\/wp\/v2\/media?parent=6261"}],"wp:term":[{"taxonomy":"category","embeddable":true,"href":"https:\/\/jfb-stiftung.de\/st-paulus-stift-neuoetting\/wp-json\/wp\/v2\/categories?post=6261"},{"taxonomy":"post_tag","embeddable":true,"href":"https:\/\/jfb-stiftung.de\/st-paulus-stift-neuoetting\/wp-json\/wp\/v2\/tags?post=6261"}],"curies":[{"name":"wp","href":"https:\/\/api.w.org\/{rel}","templated":true}]}}