{"id":6236,"date":"2023-03-20T09:17:08","date_gmt":"2023-03-20T08:17:08","guid":{"rendered":"https:\/\/jfb-stiftung.de\/st-paulus-stift-neuoetting\/jahreshauptversammlung-des-foerdervereins\/"},"modified":"2023-03-20T09:17:08","modified_gmt":"2023-03-20T08:17:08","slug":"jahreshauptversammlung-des-foerdervereins","status":"publish","type":"post","link":"https:\/\/jfb-stiftung.de\/st-paulus-stift-neuoetting\/jahreshauptversammlung-des-foerdervereins\/","title":{"rendered":"Jahreshauptversammlung des F\u00f6rdervereins"},"content":{"rendered":"<p>Dank der Gastfreundschaft, der Firma Brandhuber Elektro GmbH konnten die Mitglieder*innen des F\u00f6rdervereins St. Paulus Stift Neu\u00f6tting e. V. ihre Jahreshauptversammlung in modernem Ambiente abhalten. Auf der Agenda standen unter anderem die Vorstandswahlen: Alle Vorstandsmitglieder wurden einstimmig wiedergew\u00e4hlt und freuen sich auf die neuen Herausforderungen. Au\u00dferdem gab es einen R\u00fcckblick auf die Projekte aus dem Jahr 2022 und Frau Mauer, Gesch\u00e4ftsbereichsleiterin des St. Paulus Stifts Neu\u00f6tting, gab schon mal einen Ausblick, was geplant 2023 ist und wo Hilfe des F\u00f6rdervereins ben\u00f6tigt wird. \u201eGern geben wir nat\u00fcrlich unser Geld daf\u00fcr aus, den Bewohnerinnen und Bewohnern Freude zu bereiten, N\u00fctzliches anzuschaffen und sie bei diversen Veranstaltungen zu unterst\u00fctzen&#8220;, so J\u00fcrgen Gastl 1. Vorsitzender des F\u00f6rdervereins. \u201eDanke sagen wir hiermit unseren Mitgliedern und den gro\u00dfz\u00fcgigen Spendern, welche immer wieder ganz unproblematisch an uns denken&#8220;, erkl\u00e4rt Gastl abschlie\u00dfend. Wer auch gerne Mitglied werden m\u00f6chte und den F\u00f6rderverein unterst\u00fctzen m\u00f6chte, findet hier alle Infos: <a href=\"https:\/\/jfb-stiftung.de\/st-paulus-stift-neuoetting\/wir-ueber-uns\/foerderverein\/\">F\u00f6rderverein \u00bb St. Paulus Stift Neu\u00f6tting (jfb-stiftung.de)<\/a><\/p>\n<p><img fetchpriority=\"high\" decoding=\"async\" class=\"alignnone  wp-image-6239\" src=\"https:\/\/jfb-stiftung.de\/st-paulus-stift-neuoetting\/wp-content\/uploads\/sites\/9\/2023\/03\/Mitgliederversammlung-NOe-2023-1-1000x1000.jpg\" alt=\"\" width=\"295\" height=\"295\" srcset=\"https:\/\/jfb-stiftung.de\/st-paulus-stift-neuoetting\/wp-content\/uploads\/sites\/9\/2023\/03\/Mitgliederversammlung-NOe-2023-1-1000x1000.jpg 1000w, https:\/\/jfb-stiftung.de\/st-paulus-stift-neuoetting\/wp-content\/uploads\/sites\/9\/2023\/03\/Mitgliederversammlung-NOe-2023-1-1200x1200.jpg 1200w, https:\/\/jfb-stiftung.de\/st-paulus-stift-neuoetting\/wp-content\/uploads\/sites\/9\/2023\/03\/Mitgliederversammlung-NOe-2023-1-500x500.jpg 500w, https:\/\/jfb-stiftung.de\/st-paulus-stift-neuoetting\/wp-content\/uploads\/sites\/9\/2023\/03\/Mitgliederversammlung-NOe-2023-1-768x768.jpg 768w, https:\/\/jfb-stiftung.de\/st-paulus-stift-neuoetting\/wp-content\/uploads\/sites\/9\/2023\/03\/Mitgliederversammlung-NOe-2023-1.jpg 1286w\" sizes=\"(max-width: 295px) 100vw, 295px\" \/> <img decoding=\"async\" class=\"alignnone  wp-image-6237\" src=\"https:\/\/jfb-stiftung.de\/st-paulus-stift-neuoetting\/wp-content\/uploads\/sites\/9\/2023\/03\/Mitgliederversammlung-NOe-2023-3-1000x1000.jpg\" alt=\"\" width=\"295\" height=\"295\" srcset=\"https:\/\/jfb-stiftung.de\/st-paulus-stift-neuoetting\/wp-content\/uploads\/sites\/9\/2023\/03\/Mitgliederversammlung-NOe-2023-3-1000x1000.jpg 1000w, https:\/\/jfb-stiftung.de\/st-paulus-stift-neuoetting\/wp-content\/uploads\/sites\/9\/2023\/03\/Mitgliederversammlung-NOe-2023-3-1200x1200.jpg 1200w, https:\/\/jfb-stiftung.de\/st-paulus-stift-neuoetting\/wp-content\/uploads\/sites\/9\/2023\/03\/Mitgliederversammlung-NOe-2023-3-500x500.jpg 500w, https:\/\/jfb-stiftung.de\/st-paulus-stift-neuoetting\/wp-content\/uploads\/sites\/9\/2023\/03\/Mitgliederversammlung-NOe-2023-3-768x768.jpg 768w, https:\/\/jfb-stiftung.de\/st-paulus-stift-neuoetting\/wp-content\/uploads\/sites\/9\/2023\/03\/Mitgliederversammlung-NOe-2023-3.jpg 1286w\" sizes=\"(max-width: 295px) 100vw, 295px\" \/> <img decoding=\"async\" class=\"alignnone  wp-image-6238\" src=\"https:\/\/jfb-stiftung.de\/st-paulus-stift-neuoetting\/wp-content\/uploads\/sites\/9\/2023\/03\/Mitgliederversammlung-NOe-2023-2-1000x1000.jpg\" alt=\"\" width=\"295\" height=\"295\" srcset=\"https:\/\/jfb-stiftung.de\/st-paulus-stift-neuoetting\/wp-content\/uploads\/sites\/9\/2023\/03\/Mitgliederversammlung-NOe-2023-2-1000x1000.jpg 1000w, https:\/\/jfb-stiftung.de\/st-paulus-stift-neuoetting\/wp-content\/uploads\/sites\/9\/2023\/03\/Mitgliederversammlung-NOe-2023-2-1200x1200.jpg 1200w, https:\/\/jfb-stiftung.de\/st-paulus-stift-neuoetting\/wp-content\/uploads\/sites\/9\/2023\/03\/Mitgliederversammlung-NOe-2023-2-500x500.jpg 500w, https:\/\/jfb-stiftung.de\/st-paulus-stift-neuoetting\/wp-content\/uploads\/sites\/9\/2023\/03\/Mitgliederversammlung-NOe-2023-2-768x768.jpg 768w, https:\/\/jfb-stiftung.de\/st-paulus-stift-neuoetting\/wp-content\/uploads\/sites\/9\/2023\/03\/Mitgliederversammlung-NOe-2023-2-1536x1536.jpg 1536w, https:\/\/jfb-stiftung.de\/st-paulus-stift-neuoetting\/wp-content\/uploads\/sites\/9\/2023\/03\/Mitgliederversammlung-NOe-2023-2.jpg 2048w\" sizes=\"(max-width: 295px) 100vw, 295px\" \/><\/p>\n","protected":false},"excerpt":{"rendered":"<p>Dank der Gastfreundschaft, der Firma Brandhuber Elektro GmbH konnten die Mitglieder*innen des F\u00f6rdervereins St. Paulus Stift Neu\u00f6tting e. V. ihre Jahreshauptversammlung in modernem Ambiente abhalten. Auf der Agenda standen unter \u2026<\/p>\n","protected":false},"author":2,"featured_media":6240,"comment_status":"closed","ping_status":"closed","sticky":false,"template":"","format":"standard","meta":{"_acf_changed":false,"footnotes":""},"categories":[31],"tags":[],"class_list":["post-6236","post","type-post","status-publish","format-standard","has-post-thumbnail","hentry","category-st-paulus-stift-neuoetting-news"],"acf":[],"publishpress_future_action":{"enabled":false,"date":"2026-05-09 10:51:41","action":"change-status","newStatus":"draft","terms":[],"taxonomy":"category","extraData":[]},"publishpress_future_workflow_manual_trigger":{"enabledWorkflows":[]},"_links":{"self":[{"href":"https:\/\/jfb-stiftung.de\/st-paulus-stift-neuoetting\/wp-json\/wp\/v2\/posts\/6236","targetHints":{"allow":["GET"]}}],"collection":[{"href":"https:\/\/jfb-stiftung.de\/st-paulus-stift-neuoetting\/wp-json\/wp\/v2\/posts"}],"about":[{"href":"https:\/\/jfb-stiftung.de\/st-paulus-stift-neuoetting\/wp-json\/wp\/v2\/types\/post"}],"author":[{"embeddable":true,"href":"https:\/\/jfb-stiftung.de\/st-paulus-stift-neuoetting\/wp-json\/wp\/v2\/users\/2"}],"replies":[{"embeddable":true,"href":"https:\/\/jfb-stiftung.de\/st-paulus-stift-neuoetting\/wp-json\/wp\/v2\/comments?post=6236"}],"version-history":[{"count":0,"href":"https:\/\/jfb-stiftung.de\/st-paulus-stift-neuoetting\/wp-json\/wp\/v2\/posts\/6236\/revisions"}],"wp:featuredmedia":[{"embeddable":true,"href":"https:\/\/jfb-stiftung.de\/st-paulus-stift-neuoetting\/wp-json\/wp\/v2\/media\/6240"}],"wp:attachment":[{"href":"https:\/\/jfb-stiftung.de\/st-paulus-stift-neuoetting\/wp-json\/wp\/v2\/media?parent=6236"}],"wp:term":[{"taxonomy":"category","embeddable":true,"href":"https:\/\/jfb-stiftung.de\/st-paulus-stift-neuoetting\/wp-json\/wp\/v2\/categories?post=6236"},{"taxonomy":"post_tag","embeddable":true,"href":"https:\/\/jfb-stiftung.de\/st-paulus-stift-neuoetting\/wp-json\/wp\/v2\/tags?post=6236"}],"curies":[{"name":"wp","href":"https:\/\/api.w.org\/{rel}","templated":true}]}}