{"id":6167,"date":"2023-02-06T10:43:19","date_gmt":"2023-02-06T09:43:19","guid":{"rendered":"https:\/\/jfb-stiftung.de\/st-paulus-stift-neuoetting\/faschingskostueme-aus-corona-schutzanzuegen\/"},"modified":"2023-02-06T12:48:19","modified_gmt":"2023-02-06T11:48:19","slug":"faschingskostueme-aus-corona-schutzanzuegen","status":"publish","type":"post","link":"https:\/\/jfb-stiftung.de\/st-paulus-stift-neuoetting\/faschingskostueme-aus-corona-schutzanzuegen\/","title":{"rendered":"Faschingskost\u00fcme aus Corona-Schutzanz\u00fcgen"},"content":{"rendered":"<p>Dass Corona auch mal etwas Gutes oder gar Lustiges an sich haben k\u00f6nnte, h\u00e4tte wohl keiner geglaubt. Doch aus den alten Corona-Schutzanz\u00fcgen (\u00e4hnlich wie Malerkittel), die im St. Paulus Stift noch \u00fcbrig waren, wurden jetzt kunterbunte Faschingskost\u00fcme hergestellt &#8211; und das nat\u00fcrlich gemeinsam. Mit bunten Spraydosen bewaffnet durften sich am Samstag (4.2.) einige Bewohner*innen und Mitarbeiter*innen so richtig austoben und das Ergebnis ist richtig gut geworden. Also nicht nur upcyceln war angesagt, sondern auch wieder so richtig kreativ werden. Die etwa 25 so entstandenen Faschingskost\u00fcme werden auch dringend gebraucht, denn das St. Paulus Stift ist beim Neu\u00f6ttinger Faschingsumzug &#8222;Gaudiwurm&#8220; mit einer Fu\u00dfgruppe am Start. Nach drei Jahren Pause ist die Vorfreude riesig und aktuell werden passende Per\u00fccken und H\u00fcte zu den Anz\u00fcgen auf den Wohngruppen ausprobiert, da ist der Spa\u00df schon vorprogrammiert. Alle freuen sich bereits auf den Umzug, der am 18. Februar quer durch Neu\u00f6tting stattfindet. Herzlichen Dank f\u00fcr die Planung und auch Ausf\u00fchrung der selbstgemachten Kost\u00fcme an die Wohngemeinschaft Katharina und allen anderen Mitarbeiter*innen, die sich am Samstag im Innenhof eingefunden haben, sowie nat\u00fcrlich ein recht herzlichen Dankesch\u00f6n auch an die Bewohner*innen, die hier mitgemacht haben. Brauchen wir f\u00fcr den Faschingsumzug nur noch eins: Ein bisschen Gl\u00fcck mit dem Wetter, denn gute Laune haben wir eh immer und dann noch a \u201efetzen Gaudi&#8220;.<\/p>\n<p><img fetchpriority=\"high\" decoding=\"async\" class=\"wp-image-6168 alignnone\" src=\"https:\/\/jfb-stiftung.de\/st-paulus-stift-neuoetting\/wp-content\/uploads\/sites\/9\/2023\/02\/Faschingsanzuege-2-scaled-e1675676245577-1000x548.jpg\" alt=\"\" width=\"391\" height=\"214\" srcset=\"https:\/\/jfb-stiftung.de\/st-paulus-stift-neuoetting\/wp-content\/uploads\/sites\/9\/2023\/02\/Faschingsanzuege-2-scaled-e1675676245577-1000x548.jpg 1000w, https:\/\/jfb-stiftung.de\/st-paulus-stift-neuoetting\/wp-content\/uploads\/sites\/9\/2023\/02\/Faschingsanzuege-2-scaled-e1675676245577-1500x822.jpg 1500w, https:\/\/jfb-stiftung.de\/st-paulus-stift-neuoetting\/wp-content\/uploads\/sites\/9\/2023\/02\/Faschingsanzuege-2-scaled-e1675676245577-768x421.jpg 768w, https:\/\/jfb-stiftung.de\/st-paulus-stift-neuoetting\/wp-content\/uploads\/sites\/9\/2023\/02\/Faschingsanzuege-2-scaled-e1675676245577-1536x842.jpg 1536w, https:\/\/jfb-stiftung.de\/st-paulus-stift-neuoetting\/wp-content\/uploads\/sites\/9\/2023\/02\/Faschingsanzuege-2-scaled-e1675676245577-2048x1122.jpg 2048w\" sizes=\"(max-width: 391px) 100vw, 391px\" \/> <img decoding=\"async\" class=\"alignnone  wp-image-6172\" src=\"https:\/\/jfb-stiftung.de\/st-paulus-stift-neuoetting\/wp-content\/uploads\/sites\/9\/2023\/02\/Faschingskostueme-5-scaled-e1675684033503-769x1000.jpg\" alt=\"\" width=\"287\" height=\"373\" srcset=\"https:\/\/jfb-stiftung.de\/st-paulus-stift-neuoetting\/wp-content\/uploads\/sites\/9\/2023\/02\/Faschingskostueme-5-scaled-e1675684033503-769x1000.jpg 769w, https:\/\/jfb-stiftung.de\/st-paulus-stift-neuoetting\/wp-content\/uploads\/sites\/9\/2023\/02\/Faschingskostueme-5-scaled-e1675684033503-923x1200.jpg 923w, https:\/\/jfb-stiftung.de\/st-paulus-stift-neuoetting\/wp-content\/uploads\/sites\/9\/2023\/02\/Faschingskostueme-5-scaled-e1675684033503-768x998.jpg 768w, https:\/\/jfb-stiftung.de\/st-paulus-stift-neuoetting\/wp-content\/uploads\/sites\/9\/2023\/02\/Faschingskostueme-5-scaled-e1675684033503-1182x1536.jpg 1182w, https:\/\/jfb-stiftung.de\/st-paulus-stift-neuoetting\/wp-content\/uploads\/sites\/9\/2023\/02\/Faschingskostueme-5-scaled-e1675684033503.jpg 1280w\" sizes=\"(max-width: 287px) 100vw, 287px\" \/> <img decoding=\"async\" class=\"alignnone  wp-image-6173\" src=\"https:\/\/jfb-stiftung.de\/st-paulus-stift-neuoetting\/wp-content\/uploads\/sites\/9\/2023\/02\/Faschingskostueme-3-1000x500.jpg\" alt=\"\" width=\"436\" height=\"218\"><\/p>\n","protected":false},"excerpt":{"rendered":"<p>Dass Corona auch mal etwas Gutes oder gar Lustiges an sich haben k\u00f6nnte, h\u00e4tte wohl keiner geglaubt. Doch aus den alten Corona-Schutzanz\u00fcgen (\u00e4hnlich wie Malerkittel), die im St. Paulus Stift \u2026<\/p>\n","protected":false},"author":2,"featured_media":6169,"comment_status":"closed","ping_status":"closed","sticky":false,"template":"","format":"standard","meta":{"_acf_changed":false,"footnotes":""},"categories":[31],"tags":[],"class_list":["post-6167","post","type-post","status-publish","format-standard","has-post-thumbnail","hentry","category-st-paulus-stift-neuoetting-news"],"acf":[],"publishpress_future_action":{"enabled":false,"date":"2026-05-09 10:53:03","action":"change-status","newStatus":"draft","terms":[],"taxonomy":"category","extraData":[]},"publishpress_future_workflow_manual_trigger":{"enabledWorkflows":[]},"_links":{"self":[{"href":"https:\/\/jfb-stiftung.de\/st-paulus-stift-neuoetting\/wp-json\/wp\/v2\/posts\/6167","targetHints":{"allow":["GET"]}}],"collection":[{"href":"https:\/\/jfb-stiftung.de\/st-paulus-stift-neuoetting\/wp-json\/wp\/v2\/posts"}],"about":[{"href":"https:\/\/jfb-stiftung.de\/st-paulus-stift-neuoetting\/wp-json\/wp\/v2\/types\/post"}],"author":[{"embeddable":true,"href":"https:\/\/jfb-stiftung.de\/st-paulus-stift-neuoetting\/wp-json\/wp\/v2\/users\/2"}],"replies":[{"embeddable":true,"href":"https:\/\/jfb-stiftung.de\/st-paulus-stift-neuoetting\/wp-json\/wp\/v2\/comments?post=6167"}],"version-history":[{"count":0,"href":"https:\/\/jfb-stiftung.de\/st-paulus-stift-neuoetting\/wp-json\/wp\/v2\/posts\/6167\/revisions"}],"wp:featuredmedia":[{"embeddable":true,"href":"https:\/\/jfb-stiftung.de\/st-paulus-stift-neuoetting\/wp-json\/wp\/v2\/media\/6169"}],"wp:attachment":[{"href":"https:\/\/jfb-stiftung.de\/st-paulus-stift-neuoetting\/wp-json\/wp\/v2\/media?parent=6167"}],"wp:term":[{"taxonomy":"category","embeddable":true,"href":"https:\/\/jfb-stiftung.de\/st-paulus-stift-neuoetting\/wp-json\/wp\/v2\/categories?post=6167"},{"taxonomy":"post_tag","embeddable":true,"href":"https:\/\/jfb-stiftung.de\/st-paulus-stift-neuoetting\/wp-json\/wp\/v2\/tags?post=6167"}],"curies":[{"name":"wp","href":"https:\/\/api.w.org\/{rel}","templated":true}]}}