{"id":6079,"date":"2023-01-24T10:23:47","date_gmt":"2023-01-24T09:23:47","guid":{"rendered":"https:\/\/jfb-stiftung.de\/st-paulus-stift-neuoetting\/special-olympics-wir-sind-dabei\/"},"modified":"2023-01-26T09:38:37","modified_gmt":"2023-01-26T08:38:37","slug":"special-olympics-wir-sind-dabei","status":"publish","type":"post","link":"https:\/\/jfb-stiftung.de\/st-paulus-stift-neuoetting\/special-olympics-wir-sind-dabei\/","title":{"rendered":"Special Olympics &#8211; wir sind dabei!"},"content":{"rendered":"<p>Unsere f\u00fcnf Athletinnen und Athleten haben flei\u00dfig trainiert f\u00fcr die Winterspiele in Bad T\u00f6lz. Maria, Katharina, Claudia und Sebastian nehmen an den Langlauf-Wettbewerben teil und Ludwig am alpinen Wettbewerb. Schirmherrin der &#8222;Special Olympics Winterspiele Bayern&#8220; Landtagspr\u00e4sidentin Ilse Aigner, er\u00f6ffnete gestern feierlich die Spiele vor rund 1500 begeisterten Zuschauer*innen. Mit dabei auch ein richtiger Star aus der Wintersportwelt: Ski-Rennl\u00e4uferin Martina Ertl-Renz, die als Werbetr\u00e4gerin der Spiele f\u00fcr flei\u00dfig Publicity sorgt. Alle sind sehr froh, dass sich der Winter passend zu einer der gr\u00f6\u00dften inklusiven Sportveranstaltungen in Bayern zur\u00fcckgemeldet hat. Die Teilnahme an den &#8222;Special Olympics&#8220; hat im St. Paulus Stift eine lange Tradition, mit dabei sind immer einige unserer sportbegeisterten Bewohner*innen aus der WG Michaelistra\u00dfe. Wir sind sehr gespannt und dr\u00fccken ganz fest die Daumen f\u00fcr die Wettbewerbe, an denen unsere Athletinnen und Athleten teilnehmen werden. Der Wettbewerb findet bis zum 26. Januar 2023 statt. Insgesamt gehen 620 Athletinnen und Athleten in insgesamt zehn Sportarten an den Start.<\/p>\n<p><img fetchpriority=\"high\" decoding=\"async\" class=\"alignnone wp-image-6081\" src=\"https:\/\/jfb-stiftung.de\/st-paulus-stift-neuoetting\/wp-content\/uploads\/sites\/9\/2023\/01\/Special-Olympics-3-750x1000.jpg\" alt=\"\" width=\"233\" height=\"311\" srcset=\"https:\/\/jfb-stiftung.de\/st-paulus-stift-neuoetting\/wp-content\/uploads\/sites\/9\/2023\/01\/Special-Olympics-3-750x1000.jpg 750w, https:\/\/jfb-stiftung.de\/st-paulus-stift-neuoetting\/wp-content\/uploads\/sites\/9\/2023\/01\/Special-Olympics-3.jpg 768w\" sizes=\"(max-width: 233px) 100vw, 233px\" \/> <img decoding=\"async\" class=\"wp-image-6082 alignnone\" src=\"https:\/\/jfb-stiftung.de\/st-paulus-stift-neuoetting\/wp-content\/uploads\/sites\/9\/2023\/01\/Special-Olympics-2-462x1000.jpg\" alt=\"\" width=\"144\" height=\"312\" srcset=\"https:\/\/jfb-stiftung.de\/st-paulus-stift-neuoetting\/wp-content\/uploads\/sites\/9\/2023\/01\/Special-Olympics-2-462x1000.jpg 462w, https:\/\/jfb-stiftung.de\/st-paulus-stift-neuoetting\/wp-content\/uploads\/sites\/9\/2023\/01\/Special-Olympics-2.jpg 473w\" sizes=\"(max-width: 144px) 100vw, 144px\" \/> <img decoding=\"async\" class=\"wp-image-6080 alignnone\" src=\"https:\/\/jfb-stiftung.de\/st-paulus-stift-neuoetting\/wp-content\/uploads\/sites\/9\/2023\/01\/Special-Olympics-750x1000.jpg\" alt=\"\" width=\"233\" height=\"311\" srcset=\"https:\/\/jfb-stiftung.de\/st-paulus-stift-neuoetting\/wp-content\/uploads\/sites\/9\/2023\/01\/Special-Olympics-750x1000.jpg 750w, https:\/\/jfb-stiftung.de\/st-paulus-stift-neuoetting\/wp-content\/uploads\/sites\/9\/2023\/01\/Special-Olympics-900x1200.jpg 900w, https:\/\/jfb-stiftung.de\/st-paulus-stift-neuoetting\/wp-content\/uploads\/sites\/9\/2023\/01\/Special-Olympics-768x1024.jpg 768w, https:\/\/jfb-stiftung.de\/st-paulus-stift-neuoetting\/wp-content\/uploads\/sites\/9\/2023\/01\/Special-Olympics-1152x1536.jpg 1152w, https:\/\/jfb-stiftung.de\/st-paulus-stift-neuoetting\/wp-content\/uploads\/sites\/9\/2023\/01\/Special-Olympics.jpg 1200w\" sizes=\"(max-width: 233px) 100vw, 233px\" \/> <img loading=\"lazy\" decoding=\"async\" class=\"alignnone wp-image-6083\" src=\"https:\/\/jfb-stiftung.de\/st-paulus-stift-neuoetting\/wp-content\/uploads\/sites\/9\/2023\/01\/Special-Olympics-1-750x1000.jpg\" alt=\"\" width=\"232\" height=\"309\" srcset=\"https:\/\/jfb-stiftung.de\/st-paulus-stift-neuoetting\/wp-content\/uploads\/sites\/9\/2023\/01\/Special-Olympics-1-750x1000.jpg 750w, https:\/\/jfb-stiftung.de\/st-paulus-stift-neuoetting\/wp-content\/uploads\/sites\/9\/2023\/01\/Special-Olympics-1.jpg 768w\" sizes=\"(max-width: 232px) 100vw, 232px\" \/> <img loading=\"lazy\" decoding=\"async\" class=\"alignnone wp-image-6103\" src=\"https:\/\/jfb-stiftung.de\/st-paulus-stift-neuoetting\/wp-content\/uploads\/sites\/9\/2023\/01\/Wettbewerb-Paralympics-1-750x1000.jpg\" alt=\"\" width=\"231\" height=\"308\" srcset=\"https:\/\/jfb-stiftung.de\/st-paulus-stift-neuoetting\/wp-content\/uploads\/sites\/9\/2023\/01\/Wettbewerb-Paralympics-1-750x1000.jpg 750w, https:\/\/jfb-stiftung.de\/st-paulus-stift-neuoetting\/wp-content\/uploads\/sites\/9\/2023\/01\/Wettbewerb-Paralympics-1-900x1200.jpg 900w, https:\/\/jfb-stiftung.de\/st-paulus-stift-neuoetting\/wp-content\/uploads\/sites\/9\/2023\/01\/Wettbewerb-Paralympics-1-768x1024.jpg 768w, https:\/\/jfb-stiftung.de\/st-paulus-stift-neuoetting\/wp-content\/uploads\/sites\/9\/2023\/01\/Wettbewerb-Paralympics-1-1152x1536.jpg 1152w, https:\/\/jfb-stiftung.de\/st-paulus-stift-neuoetting\/wp-content\/uploads\/sites\/9\/2023\/01\/Wettbewerb-Paralympics-1.jpg 1200w\" sizes=\"(max-width: 231px) 100vw, 231px\" \/> <img loading=\"lazy\" decoding=\"async\" class=\"alignnone wp-image-6102\" src=\"https:\/\/jfb-stiftung.de\/st-paulus-stift-neuoetting\/wp-content\/uploads\/sites\/9\/2023\/01\/Wettbewerb-Paralympics-2-750x1000.jpg\" alt=\"\" width=\"231\" height=\"308\" srcset=\"https:\/\/jfb-stiftung.de\/st-paulus-stift-neuoetting\/wp-content\/uploads\/sites\/9\/2023\/01\/Wettbewerb-Paralympics-2-750x1000.jpg 750w, https:\/\/jfb-stiftung.de\/st-paulus-stift-neuoetting\/wp-content\/uploads\/sites\/9\/2023\/01\/Wettbewerb-Paralympics-2-900x1200.jpg 900w, https:\/\/jfb-stiftung.de\/st-paulus-stift-neuoetting\/wp-content\/uploads\/sites\/9\/2023\/01\/Wettbewerb-Paralympics-2-768x1024.jpg 768w, https:\/\/jfb-stiftung.de\/st-paulus-stift-neuoetting\/wp-content\/uploads\/sites\/9\/2023\/01\/Wettbewerb-Paralympics-2-1152x1536.jpg 1152w, https:\/\/jfb-stiftung.de\/st-paulus-stift-neuoetting\/wp-content\/uploads\/sites\/9\/2023\/01\/Wettbewerb-Paralympics-2.jpg 1200w\" sizes=\"(max-width: 231px) 100vw, 231px\" \/><\/p>\n","protected":false},"excerpt":{"rendered":"<p>Unsere f\u00fcnf Athletinnen und Athleten haben flei\u00dfig trainiert f\u00fcr die Winterspiele in Bad T\u00f6lz. Maria, Katharina, Claudia und Sebastian nehmen an den Langlauf-Wettbewerben teil und Ludwig am alpinen Wettbewerb. Schirmherrin \u2026<\/p>\n","protected":false},"author":2,"featured_media":6100,"comment_status":"closed","ping_status":"closed","sticky":false,"template":"","format":"standard","meta":{"_acf_changed":false,"footnotes":""},"categories":[31],"tags":[],"class_list":["post-6079","post","type-post","status-publish","format-standard","has-post-thumbnail","hentry","category-st-paulus-stift-neuoetting-news"],"acf":[],"publishpress_future_action":{"enabled":false,"date":"2026-05-09 10:51:17","action":"change-status","newStatus":"draft","terms":[],"taxonomy":"category","extraData":[]},"publishpress_future_workflow_manual_trigger":{"enabledWorkflows":[]},"_links":{"self":[{"href":"https:\/\/jfb-stiftung.de\/st-paulus-stift-neuoetting\/wp-json\/wp\/v2\/posts\/6079","targetHints":{"allow":["GET"]}}],"collection":[{"href":"https:\/\/jfb-stiftung.de\/st-paulus-stift-neuoetting\/wp-json\/wp\/v2\/posts"}],"about":[{"href":"https:\/\/jfb-stiftung.de\/st-paulus-stift-neuoetting\/wp-json\/wp\/v2\/types\/post"}],"author":[{"embeddable":true,"href":"https:\/\/jfb-stiftung.de\/st-paulus-stift-neuoetting\/wp-json\/wp\/v2\/users\/2"}],"replies":[{"embeddable":true,"href":"https:\/\/jfb-stiftung.de\/st-paulus-stift-neuoetting\/wp-json\/wp\/v2\/comments?post=6079"}],"version-history":[{"count":0,"href":"https:\/\/jfb-stiftung.de\/st-paulus-stift-neuoetting\/wp-json\/wp\/v2\/posts\/6079\/revisions"}],"wp:featuredmedia":[{"embeddable":true,"href":"https:\/\/jfb-stiftung.de\/st-paulus-stift-neuoetting\/wp-json\/wp\/v2\/media\/6100"}],"wp:attachment":[{"href":"https:\/\/jfb-stiftung.de\/st-paulus-stift-neuoetting\/wp-json\/wp\/v2\/media?parent=6079"}],"wp:term":[{"taxonomy":"category","embeddable":true,"href":"https:\/\/jfb-stiftung.de\/st-paulus-stift-neuoetting\/wp-json\/wp\/v2\/categories?post=6079"},{"taxonomy":"post_tag","embeddable":true,"href":"https:\/\/jfb-stiftung.de\/st-paulus-stift-neuoetting\/wp-json\/wp\/v2\/tags?post=6079"}],"curies":[{"name":"wp","href":"https:\/\/api.w.org\/{rel}","templated":true}]}}