{"id":5823,"date":"2022-11-03T08:30:51","date_gmt":"2022-11-03T07:30:51","guid":{"rendered":"https:\/\/jfb-stiftung.de\/st-paulus-stift-neuoetting\/wallfahrt-nach-feichten-an-der-alz\/"},"modified":"2022-11-03T08:30:51","modified_gmt":"2022-11-03T07:30:51","slug":"wallfahrt-nach-feichten-an-der-alz","status":"publish","type":"post","link":"https:\/\/jfb-stiftung.de\/st-paulus-stift-neuoetting\/wallfahrt-nach-feichten-an-der-alz\/","title":{"rendered":"Wallfahrt nach Feichten an der Alz"},"content":{"rendered":"<p>\u201eJeder von uns empfing die Gnade in dem Ma\u00df, wie Christus sie ihm geschenkt hat\u201c, so schrieb es einst der Apostel Paulus an die Gemeinde von Ephesus. Pfarrer Michael Witti deutete diesen Satz aus der Tageslesung f\u00fcr die Bewohner*innen des St. Paulus Stiftes, die wieder einmal als Wallfahrer nach Feichten an der Alz gekommen waren. \u201eKein Mensch kann alles. Aber jeder hat von Christus eine Gabe, ein besonderes Talent bekommen.\u201c Viele der Mitfeiernden erz\u00e4hlten dann, was sie besonders gut k\u00f6nnen, was ihnen Spa\u00df macht, wof\u00fcr sie dankbar sind. So wurde sp\u00fcrbar, wie Paulus in Gottes Namen zeigen wollte, dass jeder Mensch unglaublich wertvoll ist. Mit Blick auf die Mitarbeiterinnen und Mitarbeiter, die bei der Wallfahrt dabei waren, deutete Pfarrer Witti das Evangelium vom Feigenbaum, der keine Frucht bringen konnte. Der Besitzer wollte ihn schon umhauen lassen, aber der G\u00e4rtner meinte, er wolle ihm noch eine Chance geben, den Boden umgraben und d\u00fcngen. Auch heute brauchen manche Menschen etwas mehr Zeit und Zuwendung, damit die besonderen Gaben wachsen k\u00f6nnen, die Gott auch in sie gelegt hat. In den F\u00fcrbitten konnten wieder alle Mitfeiernden einfach frei heraus aussprechen, was ihnen aktuell am Herzen lag. So war der Wallfahrtsgottesdienst in der altehrw\u00fcrdigen Feichtener Kirche f\u00fcr alle Teilnehmer*innen ein eindrucksvolles Erlebnis. Wie es bei einer Wallfahrt der Brauch ist, kehrten die Wallfahrer nach dem Gottesdienst im Feichtner Gasthaus ein und wurden mit einem leckeren Mittagstisch verw\u00f6hnt. Alle Teilnehmer*innen waren sich einig, dass wir auch n\u00e4chstes Jahr die Feichtner Kirche \u201eZur lieben Frau\u201c wieder als Ziel unserer Wallfahrt planen.<\/p>\n","protected":false},"excerpt":{"rendered":"<p>\u201eJeder von uns empfing die Gnade in dem Ma\u00df, wie Christus sie ihm geschenkt hat\u201c, so schrieb es einst der Apostel Paulus an die Gemeinde von Ephesus. Pfarrer Michael Witti \u2026<\/p>\n","protected":false},"author":2,"featured_media":5824,"comment_status":"closed","ping_status":"closed","sticky":false,"template":"","format":"standard","meta":{"_acf_changed":false,"footnotes":""},"categories":[31],"tags":[],"class_list":["post-5823","post","type-post","status-publish","format-standard","has-post-thumbnail","hentry","category-st-paulus-stift-neuoetting-news"],"acf":[],"publishpress_future_action":{"enabled":false,"date":"2026-05-09 10:53:27","action":"change-status","newStatus":"draft","terms":[],"taxonomy":"category","extraData":[]},"publishpress_future_workflow_manual_trigger":{"enabledWorkflows":[]},"_links":{"self":[{"href":"https:\/\/jfb-stiftung.de\/st-paulus-stift-neuoetting\/wp-json\/wp\/v2\/posts\/5823","targetHints":{"allow":["GET"]}}],"collection":[{"href":"https:\/\/jfb-stiftung.de\/st-paulus-stift-neuoetting\/wp-json\/wp\/v2\/posts"}],"about":[{"href":"https:\/\/jfb-stiftung.de\/st-paulus-stift-neuoetting\/wp-json\/wp\/v2\/types\/post"}],"author":[{"embeddable":true,"href":"https:\/\/jfb-stiftung.de\/st-paulus-stift-neuoetting\/wp-json\/wp\/v2\/users\/2"}],"replies":[{"embeddable":true,"href":"https:\/\/jfb-stiftung.de\/st-paulus-stift-neuoetting\/wp-json\/wp\/v2\/comments?post=5823"}],"version-history":[{"count":0,"href":"https:\/\/jfb-stiftung.de\/st-paulus-stift-neuoetting\/wp-json\/wp\/v2\/posts\/5823\/revisions"}],"wp:featuredmedia":[{"embeddable":true,"href":"https:\/\/jfb-stiftung.de\/st-paulus-stift-neuoetting\/wp-json\/wp\/v2\/media\/5824"}],"wp:attachment":[{"href":"https:\/\/jfb-stiftung.de\/st-paulus-stift-neuoetting\/wp-json\/wp\/v2\/media?parent=5823"}],"wp:term":[{"taxonomy":"category","embeddable":true,"href":"https:\/\/jfb-stiftung.de\/st-paulus-stift-neuoetting\/wp-json\/wp\/v2\/categories?post=5823"},{"taxonomy":"post_tag","embeddable":true,"href":"https:\/\/jfb-stiftung.de\/st-paulus-stift-neuoetting\/wp-json\/wp\/v2\/tags?post=5823"}],"curies":[{"name":"wp","href":"https:\/\/api.w.org\/{rel}","templated":true}]}}