{"id":5818,"date":"2022-10-19T08:22:02","date_gmt":"2022-10-19T06:22:02","guid":{"rendered":"https:\/\/jfb-stiftung.de\/st-paulus-stift-neuoetting\/zuenftiges-oktoberfest\/"},"modified":"2022-10-19T10:46:57","modified_gmt":"2022-10-19T08:46:57","slug":"zuenftiges-oktoberfest","status":"publish","type":"post","link":"https:\/\/jfb-stiftung.de\/st-paulus-stift-neuoetting\/zuenftiges-oktoberfest\/","title":{"rendered":"Z\u00fcnftiges Oktoberfest"},"content":{"rendered":"<p>Feiern im Garten ist im Paulus Stift eine gro\u00dfe Tradition und wie es sich in Bayern geh\u00f6rt wird auch bei uns das Oktoberfest gefeiert. Am Freitag, den 07. Oktober war es soweit: Bierb\u00e4nke und Biertische wurden hergerichtet und dekoriert, der M\u00fcllerbr\u00e4u lieferte das wertvolle Nass und in der K\u00fcche wurde flei\u00dfig aufgekocht. F\u00fcr die Brotzeit gab\u00b4s Leberk\u00e4s mit Kartoffelsalat und nat\u00fcrlich \u201ea gscheite Bierbrezen\u201c dazu. Wer mochte konnte sich auch \u201eeine Apfelstrudel mit Vanilleso\u00df\u201c schmecken lassen. Damit alles reibungslos klappt, hat die Bewohnervertretung flei\u00dfig im Service mitgeholfen, sich darum gek\u00fcmmert, dass jeder seine Getr\u00e4nke bekam und auch sein Essen. Um den Nachmittag zu vers\u00fc\u00dfen und um die Wartezeit auf das Essen zu verk\u00fcrzen, gab\u00b4s auch noch einen Stand mit Zuckerwatte, der teilweise mit der Produktion nicht mehr hinterherkam, so gefragt war die Zuckerwatte. Was braucht es noch f\u00fcr ein z\u00fcnftiges Oktoberfest? Genau, eine z\u00fcnftige Blasmusik. Und die kam dieses Mal aus Emmerting. Vielen Dank an den F\u00f6rderverein, der die Gage f\u00fcr die Blaskapelle \u00fcbernommen hat. So gegen 18:00 Uhr wurde es langsam frisch im \u201eBiergarten\u201c und die Festgemeinde l\u00f6ste sich langsam auf. Doch die n\u00e4chsten Feste und Aktionen stehen bereits vor der T\u00fcr: Am Samstag, den 22.10.2022 wird eine Wallfahrt mit den Bewohner*innen organisiert und dann wird es schon weihnachtlich mit einem Adventsmarkt am Sonntag, den 27.11.2022, einer Weihnachtsb\u00e4ckerei am 9.12.2022 und einer Weihnachtsfeier f\u00fcr die Bewohner*innen des St. Paulus Stifts im Stadtsaal.<\/p>\n","protected":false},"excerpt":{"rendered":"<p>Feiern im Garten ist im Paulus Stift eine gro\u00dfe Tradition und wie es sich in Bayern geh\u00f6rt wird auch bei uns das Oktoberfest gefeiert. Am Freitag, den 07. Oktober war \u2026<\/p>\n","protected":false},"author":2,"featured_media":5819,"comment_status":"closed","ping_status":"closed","sticky":false,"template":"","format":"standard","meta":{"_acf_changed":false,"footnotes":""},"categories":[31],"tags":[],"class_list":["post-5818","post","type-post","status-publish","format-standard","has-post-thumbnail","hentry","category-st-paulus-stift-neuoetting-news"],"acf":[],"publishpress_future_action":{"enabled":false,"date":"2026-05-09 10:53:00","action":"change-status","newStatus":"draft","terms":[],"taxonomy":"category","extraData":[]},"publishpress_future_workflow_manual_trigger":{"enabledWorkflows":[]},"_links":{"self":[{"href":"https:\/\/jfb-stiftung.de\/st-paulus-stift-neuoetting\/wp-json\/wp\/v2\/posts\/5818","targetHints":{"allow":["GET"]}}],"collection":[{"href":"https:\/\/jfb-stiftung.de\/st-paulus-stift-neuoetting\/wp-json\/wp\/v2\/posts"}],"about":[{"href":"https:\/\/jfb-stiftung.de\/st-paulus-stift-neuoetting\/wp-json\/wp\/v2\/types\/post"}],"author":[{"embeddable":true,"href":"https:\/\/jfb-stiftung.de\/st-paulus-stift-neuoetting\/wp-json\/wp\/v2\/users\/2"}],"replies":[{"embeddable":true,"href":"https:\/\/jfb-stiftung.de\/st-paulus-stift-neuoetting\/wp-json\/wp\/v2\/comments?post=5818"}],"version-history":[{"count":0,"href":"https:\/\/jfb-stiftung.de\/st-paulus-stift-neuoetting\/wp-json\/wp\/v2\/posts\/5818\/revisions"}],"wp:featuredmedia":[{"embeddable":true,"href":"https:\/\/jfb-stiftung.de\/st-paulus-stift-neuoetting\/wp-json\/wp\/v2\/media\/5819"}],"wp:attachment":[{"href":"https:\/\/jfb-stiftung.de\/st-paulus-stift-neuoetting\/wp-json\/wp\/v2\/media?parent=5818"}],"wp:term":[{"taxonomy":"category","embeddable":true,"href":"https:\/\/jfb-stiftung.de\/st-paulus-stift-neuoetting\/wp-json\/wp\/v2\/categories?post=5818"},{"taxonomy":"post_tag","embeddable":true,"href":"https:\/\/jfb-stiftung.de\/st-paulus-stift-neuoetting\/wp-json\/wp\/v2\/tags?post=5818"}],"curies":[{"name":"wp","href":"https:\/\/api.w.org\/{rel}","templated":true}]}}