{"id":5532,"date":"2022-08-12T09:21:00","date_gmt":"2022-08-12T07:21:00","guid":{"rendered":"https:\/\/jfb-stiftung.de\/st-paulus-stift-neuoetting\/?p=5532"},"modified":"2022-08-12T09:23:51","modified_gmt":"2022-08-12T07:23:51","slug":"fuenfmal-erfolgreich-absolventinnen-feiern-ihre-abschluesse","status":"publish","type":"post","link":"https:\/\/jfb-stiftung.de\/st-paulus-stift-neuoetting\/fuenfmal-erfolgreich-absolventinnen-feiern-ihre-abschluesse\/","title":{"rendered":"F\u00fcnfmal erfolgreich: Absolvent*innen feiern ihre Abschl\u00fcsse"},"content":{"rendered":"<p>Mit einem Brunch und einem netten Beisammensein wurde das erfolgreiche Abschlie\u00dfen der diesj\u00e4hrigen Absolventinnen und Absolventen der Heilerziehungspflegehilfe und Heilerziehungspflege gefeiert. Alle f\u00fcnf Pr\u00fcflinge haben ihren Abschluss mit sehr guten Leistungen abgeschlossen. Besonders stolz sind die Ausbildungsleiter*innen des Stifts darauf, dass alle f\u00fcnf Fachkr\u00e4fte auch gerne weiter im St. Paulus Stift arbeiten m\u00f6chten. Ein herzlicher Dank geht in diesem Zusammenhang auch an die Praxisleitungen im Haus, die den frischgebackenen Heilerziehungspfleger*innen eine gute Ausbildung erm\u00f6glicht haben. Sie lie\u00dfen es sich nicht nehmen mit ihren Sch\u00fctzlingen ihren Abschluss zu feiern. Ein Wehrmutstropfen bleibt: Bedingt durch die Corona-Pandemie gab es auch in diesem Jahrgang (noch) nicht die vollumf\u00e4nglichen Ausbildungselemente. Beispielweise war die Begleitung in der Praxis durch die beiden Fachschulen in Pfarrkirchen und Altenhohenau, wie in den beiden zur\u00fcckliegenden Jahren auch, nur in einem beschr\u00e4nkten Rahmen m\u00f6glich. Der Freude tat dies keinen Abbruch und es wurde angeregt \u00fcber die Highlights, die bewegenden und lustigen Momente w\u00e4hrend der Ausbildung geplaudert. Morgen geht es wieder an die Arbeit &#8211; doch nicht mehr als Azubis, sondern als gut ausgebildete Fachkr\u00e4fte.<\/p>\n<p>&nbsp;<\/p>\n","protected":false},"excerpt":{"rendered":"<p>Mit einem Brunch und einem netten Beisammensein wurde das erfolgreiche Abschlie\u00dfen der diesj\u00e4hrigen Absolventinnen und Absolventen der Heilerziehungspflegehilfe und Heilerziehungspflege gefeiert. Alle f\u00fcnf Pr\u00fcflinge haben ihren Abschluss mit sehr guten \u2026<\/p>\n","protected":false},"author":2,"featured_media":5537,"comment_status":"closed","ping_status":"closed","sticky":false,"template":"","format":"standard","meta":{"_acf_changed":false,"footnotes":""},"categories":[31],"tags":[],"class_list":["post-5532","post","type-post","status-publish","format-standard","has-post-thumbnail","hentry","category-st-paulus-stift-neuoetting-news"],"acf":[],"publishpress_future_action":{"enabled":false,"date":"2026-05-09 11:17:09","action":"change-status","newStatus":"draft","terms":[],"taxonomy":"category","extraData":[]},"publishpress_future_workflow_manual_trigger":{"enabledWorkflows":[]},"_links":{"self":[{"href":"https:\/\/jfb-stiftung.de\/st-paulus-stift-neuoetting\/wp-json\/wp\/v2\/posts\/5532","targetHints":{"allow":["GET"]}}],"collection":[{"href":"https:\/\/jfb-stiftung.de\/st-paulus-stift-neuoetting\/wp-json\/wp\/v2\/posts"}],"about":[{"href":"https:\/\/jfb-stiftung.de\/st-paulus-stift-neuoetting\/wp-json\/wp\/v2\/types\/post"}],"author":[{"embeddable":true,"href":"https:\/\/jfb-stiftung.de\/st-paulus-stift-neuoetting\/wp-json\/wp\/v2\/users\/2"}],"replies":[{"embeddable":true,"href":"https:\/\/jfb-stiftung.de\/st-paulus-stift-neuoetting\/wp-json\/wp\/v2\/comments?post=5532"}],"version-history":[{"count":0,"href":"https:\/\/jfb-stiftung.de\/st-paulus-stift-neuoetting\/wp-json\/wp\/v2\/posts\/5532\/revisions"}],"wp:featuredmedia":[{"embeddable":true,"href":"https:\/\/jfb-stiftung.de\/st-paulus-stift-neuoetting\/wp-json\/wp\/v2\/media\/5537"}],"wp:attachment":[{"href":"https:\/\/jfb-stiftung.de\/st-paulus-stift-neuoetting\/wp-json\/wp\/v2\/media?parent=5532"}],"wp:term":[{"taxonomy":"category","embeddable":true,"href":"https:\/\/jfb-stiftung.de\/st-paulus-stift-neuoetting\/wp-json\/wp\/v2\/categories?post=5532"},{"taxonomy":"post_tag","embeddable":true,"href":"https:\/\/jfb-stiftung.de\/st-paulus-stift-neuoetting\/wp-json\/wp\/v2\/tags?post=5532"}],"curies":[{"name":"wp","href":"https:\/\/api.w.org\/{rel}","templated":true}]}}