{"id":5432,"date":"2022-06-01T11:03:57","date_gmt":"2022-06-01T09:03:57","guid":{"rendered":"https:\/\/jfb-stiftung.de\/st-paulus-stift-neuoetting\/foerderverein-sponsert-festpavillons-2\/"},"modified":"2022-06-01T11:38:22","modified_gmt":"2022-06-01T09:38:22","slug":"foerderverein-sponsert-festpavillons","status":"publish","type":"post","link":"https:\/\/jfb-stiftung.de\/st-paulus-stift-neuoetting\/foerderverein-sponsert-festpavillons\/","title":{"rendered":"F\u00f6rderverein sponsert Festpavillons"},"content":{"rendered":"<p>Nach der langen Corona-Zwangspause musste so manche Fest-Equipment lange im Keller verstauben, so auch die kleinen Festpavillons, die im St. Paulus Stift immer f\u00fcrs (eigentlich gro\u00dfe) Sommerfest oder auch den besinnlichen Adventsmarkt genutzt werden. Beim Maifest kam dann das b\u00f6se Erwachen, denn Corona hatte wohl auch den Pavillons nicht gut getan. Zum Gl\u00fcck gibt es den F\u00f6rderverein, der nicht lange fackelte, sondern schnell und unkompliziert zwei sehr stabile professionelle Pavillons f\u00fcr das St. Paulus Stift kaufte. \u201eDa helfen wir!\u201c war der einstimmige Beschluss des F\u00f6rdervereins des St. Paulus Stifts, so der 1.Vorstand J\u00fcrgen Gastel. Die Summe von etwas mehr als 1600\u20ac wurde aus Spendengeldern und Mitgliedsbeitr\u00e4gen akquiriert. Da Feiern nicht nur in Bayern, sondern gerade auch im St. Paulus Stift gro\u00df geschrieben wird, war das eine gute und sinnvolle Investition, so die einhellige Meinung des Vorstands.\u00a0 Denn f\u00fcr die zuk\u00fcnftigen Feiern, bei denen auch oft und gerne die \u00d6ffentlichkeit eingeladen wird, braucht es stabile Pavillons, die als Regen, Wind- und Sonnenschutz dienen.\u00a0Ihre erste Bew\u00e4hrungsprobe haben sie als Unterstand f\u00fcr die Musikkapelle beim Maifest schon bestanden. In diesem Sinne kann es dann gerne (Corona vorausgesetzt) weitergehen mit dem Feiern.<\/p>\n","protected":false},"excerpt":{"rendered":"<p>Nach der langen Corona-Zwangspause musste so manche Fest-Equipment lange im Keller verstauben, so auch die kleinen Festpavillons, die im St. Paulus Stift immer f\u00fcrs (eigentlich gro\u00dfe) Sommerfest oder auch den \u2026<\/p>\n","protected":false},"author":2,"featured_media":5431,"comment_status":"closed","ping_status":"closed","sticky":false,"template":"","format":"standard","meta":{"_acf_changed":false,"footnotes":""},"categories":[31],"tags":[],"class_list":["post-5432","post","type-post","status-publish","format-standard","has-post-thumbnail","hentry","category-st-paulus-stift-neuoetting-news"],"acf":[],"publishpress_future_action":{"enabled":false,"date":"2026-05-09 10:52:43","action":"change-status","newStatus":"draft","terms":[],"taxonomy":"category","extraData":[]},"publishpress_future_workflow_manual_trigger":{"enabledWorkflows":[]},"_links":{"self":[{"href":"https:\/\/jfb-stiftung.de\/st-paulus-stift-neuoetting\/wp-json\/wp\/v2\/posts\/5432","targetHints":{"allow":["GET"]}}],"collection":[{"href":"https:\/\/jfb-stiftung.de\/st-paulus-stift-neuoetting\/wp-json\/wp\/v2\/posts"}],"about":[{"href":"https:\/\/jfb-stiftung.de\/st-paulus-stift-neuoetting\/wp-json\/wp\/v2\/types\/post"}],"author":[{"embeddable":true,"href":"https:\/\/jfb-stiftung.de\/st-paulus-stift-neuoetting\/wp-json\/wp\/v2\/users\/2"}],"replies":[{"embeddable":true,"href":"https:\/\/jfb-stiftung.de\/st-paulus-stift-neuoetting\/wp-json\/wp\/v2\/comments?post=5432"}],"version-history":[{"count":0,"href":"https:\/\/jfb-stiftung.de\/st-paulus-stift-neuoetting\/wp-json\/wp\/v2\/posts\/5432\/revisions"}],"wp:featuredmedia":[{"embeddable":true,"href":"https:\/\/jfb-stiftung.de\/st-paulus-stift-neuoetting\/wp-json\/wp\/v2\/media\/5431"}],"wp:attachment":[{"href":"https:\/\/jfb-stiftung.de\/st-paulus-stift-neuoetting\/wp-json\/wp\/v2\/media?parent=5432"}],"wp:term":[{"taxonomy":"category","embeddable":true,"href":"https:\/\/jfb-stiftung.de\/st-paulus-stift-neuoetting\/wp-json\/wp\/v2\/categories?post=5432"},{"taxonomy":"post_tag","embeddable":true,"href":"https:\/\/jfb-stiftung.de\/st-paulus-stift-neuoetting\/wp-json\/wp\/v2\/tags?post=5432"}],"curies":[{"name":"wp","href":"https:\/\/api.w.org\/{rel}","templated":true}]}}