{"id":5400,"date":"2022-05-20T10:44:10","date_gmt":"2022-05-20T08:44:10","guid":{"rendered":"https:\/\/jfb-stiftung.de\/st-paulus-stift-neuoetting\/?p=5400"},"modified":"2022-05-30T10:22:06","modified_gmt":"2022-05-30T08:22:06","slug":"wie-funktioniert-eigentlich-inklusion","status":"publish","type":"post","link":"https:\/\/jfb-stiftung.de\/st-paulus-stift-neuoetting\/wie-funktioniert-eigentlich-inklusion\/","title":{"rendered":"Wie funktioniert eigentlich \u201eInklusion\u201c?"},"content":{"rendered":"<p><img fetchpriority=\"high\" decoding=\"async\" class=\" wp-image-5401 alignleft\" src=\"https:\/\/jfb-stiftung.de\/st-paulus-stift-neuoetting\/wp-content\/uploads\/sites\/9\/2022\/05\/aa072978-d718-4581-b777-61c1f01cb3cd-450x1000.jpg\" alt=\"\" width=\"160\" height=\"356\" srcset=\"https:\/\/jfb-stiftung.de\/st-paulus-stift-neuoetting\/wp-content\/uploads\/sites\/9\/2022\/05\/aa072978-d718-4581-b777-61c1f01cb3cd-450x1000.jpg 450w, https:\/\/jfb-stiftung.de\/st-paulus-stift-neuoetting\/wp-content\/uploads\/sites\/9\/2022\/05\/aa072978-d718-4581-b777-61c1f01cb3cd-540x1200.jpg 540w, https:\/\/jfb-stiftung.de\/st-paulus-stift-neuoetting\/wp-content\/uploads\/sites\/9\/2022\/05\/aa072978-d718-4581-b777-61c1f01cb3cd-691x1536.jpg 691w, https:\/\/jfb-stiftung.de\/st-paulus-stift-neuoetting\/wp-content\/uploads\/sites\/9\/2022\/05\/aa072978-d718-4581-b777-61c1f01cb3cd.jpg 720w\" sizes=\"(max-width: 160px) 100vw, 160px\" \/>\u00dcber den Begriff Inklusion findet man viel Lesenswertes in Fachartikeln. Vieles von dem was da geschrieben ist verl\u00e4sst meist die Fachebene nicht und aus den vielen Diskussionsbetr\u00e4gen kommen nur die wenigsten Beispiele in der Praxis an. Wir h\u00e4tten da mal ein sehr praktisches Beispiel, wie Inklusion in einer Stadt wie Neu\u00f6tting funktionieren kann.<br \/>\nBenni H. wohnt seit einigen Jahren in der Wohngemeinschaft Michaelistra\u00dfe. Die Feuerwehrwache, nicht weit weg von seiner WG-Wohnung hat ihn schon immer fasziniert. Mit seinen Betreuer*innen hat er immer wieder das Thema Feuerwehr besprochen und wurde auch dahingehend ermutig, dass er doch selbst bei der Feuerwehr nachfragen k\u00f6nnte, ob er Mitglied in der Freiwilligen Feuerwehr der Stadt Neu\u00f6tting werden kann. Durch die Zwangspause der Coronapandemie, in der keine Mannschaftstreffen der FFW Neu\u00f6tting stattfanden, musste Bennis Plan noch einige Zeit warten. Jetzt im Fr\u00fchjahr war es endlich soweit. Benni H. ging zum Mannschaftstreffen der Feuerwehr, stellte sich den Feuerwehrlern vor und stellte den Mitgliedsantrag. Der Rest der Geschichte ist schnell erz\u00e4hlt, mit nur einem R\u00fcckruf bei Bennis Mutter und bei den Betreuer*innen der Michaelistra\u00dfe war die Sache erledigt und der Mitgliedsantrag konnte bearbeitet werden. Nun ist Benni H. aktives Mitglied bei der Feuerwehr und ist im wahrsten Sinne des Wortes mit Feuer und Flamme bei allen \u00dcbungs &#8211; und \u00a0Trainingseinheiten, die meist samstags stattfinden \u201emitten drin\u201c statt nur dabei. \u201eMitten drin statt nur dabei\u201c ist das Motto des St. Paulus Stifts. Und weil wir gerade bei Sinnspr\u00fcchen sind, \u201eGott zur Ehr, dem N\u00e4chsten zur Wehr\u201d, lautet das Motto der Feuerwehr, der den Zweck der Hilfsorganisation passend beschreibt. Als Feuerwehrmitglied geht es darum, anderen zu helfen und sich gesellschaftlich zu engagieren, was wiederum den Kern der Inklusion darstellt.<\/p>\n<p>Ach ja! Inklusion ist eigentlich ganz einfach!<\/p>\n<p>&nbsp;<\/p>\n","protected":false},"excerpt":{"rendered":"<p>\u00dcber den Begriff Inklusion findet man viel Lesenswertes in Fachartikeln. Vieles von dem was da geschrieben ist verl\u00e4sst meist die Fachebene nicht und aus den vielen Diskussionsbetr\u00e4gen kommen nur die \u2026<\/p>\n","protected":false},"author":2,"featured_media":5419,"comment_status":"closed","ping_status":"closed","sticky":false,"template":"","format":"standard","meta":{"_acf_changed":false,"footnotes":""},"categories":[31],"tags":[],"class_list":["post-5400","post","type-post","status-publish","format-standard","has-post-thumbnail","hentry","category-st-paulus-stift-neuoetting-news"],"acf":[],"publishpress_future_action":{"enabled":false,"date":"2026-05-09 12:00:22","action":"change-status","newStatus":"draft","terms":[],"taxonomy":"category","extraData":[]},"publishpress_future_workflow_manual_trigger":{"enabledWorkflows":[]},"_links":{"self":[{"href":"https:\/\/jfb-stiftung.de\/st-paulus-stift-neuoetting\/wp-json\/wp\/v2\/posts\/5400","targetHints":{"allow":["GET"]}}],"collection":[{"href":"https:\/\/jfb-stiftung.de\/st-paulus-stift-neuoetting\/wp-json\/wp\/v2\/posts"}],"about":[{"href":"https:\/\/jfb-stiftung.de\/st-paulus-stift-neuoetting\/wp-json\/wp\/v2\/types\/post"}],"author":[{"embeddable":true,"href":"https:\/\/jfb-stiftung.de\/st-paulus-stift-neuoetting\/wp-json\/wp\/v2\/users\/2"}],"replies":[{"embeddable":true,"href":"https:\/\/jfb-stiftung.de\/st-paulus-stift-neuoetting\/wp-json\/wp\/v2\/comments?post=5400"}],"version-history":[{"count":0,"href":"https:\/\/jfb-stiftung.de\/st-paulus-stift-neuoetting\/wp-json\/wp\/v2\/posts\/5400\/revisions"}],"wp:featuredmedia":[{"embeddable":true,"href":"https:\/\/jfb-stiftung.de\/st-paulus-stift-neuoetting\/wp-json\/wp\/v2\/media\/5419"}],"wp:attachment":[{"href":"https:\/\/jfb-stiftung.de\/st-paulus-stift-neuoetting\/wp-json\/wp\/v2\/media?parent=5400"}],"wp:term":[{"taxonomy":"category","embeddable":true,"href":"https:\/\/jfb-stiftung.de\/st-paulus-stift-neuoetting\/wp-json\/wp\/v2\/categories?post=5400"},{"taxonomy":"post_tag","embeddable":true,"href":"https:\/\/jfb-stiftung.de\/st-paulus-stift-neuoetting\/wp-json\/wp\/v2\/tags?post=5400"}],"curies":[{"name":"wp","href":"https:\/\/api.w.org\/{rel}","templated":true}]}}