{"id":5263,"date":"2022-02-14T10:36:34","date_gmt":"2022-02-14T09:36:34","guid":{"rendered":"https:\/\/jfb-stiftung.de\/st-paulus-stift-neuoetting\/koestliche-torten-zum-valentinstag\/"},"modified":"2022-02-14T11:38:04","modified_gmt":"2022-02-14T10:38:04","slug":"koestliche-torten-zum-valentinstag","status":"publish","type":"post","link":"https:\/\/jfb-stiftung.de\/st-paulus-stift-neuoetting\/koestliche-torten-zum-valentinstag\/","title":{"rendered":"K\u00f6stliche Torten zum Valentinstag"},"content":{"rendered":"<p>Als kleines Dankesch\u00f6n f\u00fcr das unglaublich gro\u00dfe Engagement aller Mitarbeiter*innen des St. Paulus Stifts in Zeiten der Corona-Pandemie bestellte die Gesch\u00e4ftsbereichsleiterin eine s\u00fc\u00dfe \u00dcberraschung passend zum Valentinstag direkt auf die Wohngruppen des St. Paulus Stifts. Insgesamt 22 leckere Torten wurden bei der hie\u00dfigen B\u00e4ckerei bestellt und heute und gestern an die Mitarbeiter*innen und Bewohner*innen verteilt. Coronakonform werden die Torten direkt auf die Wohngruppen geliefert. \u201eMit dieser kleinen Geste wollen wir unseren Mitarbeiter*innen und nat\u00fcrlich auch unserern Bewohner*innen einfach eine kleine Freude machen&#8220;, erkl\u00e4rt Manuela Schachtner Gesch\u00e4ftsbreichsleiterin des St. Paulus Stifts. \u201eDie Omikron-Welle fordert uns alle sehr stark, da durch die zahlreichen Quarant\u00e4ne-Ausf\u00e4lle viele Mitarbeiter*innen nun doppelte Schichten \u00fcbernehmen m\u00fcssen. Solch ein Einsatz ist alles andere als selbstverst\u00e4ndlich und mit den Valentinstag-Torten wollen wir uns einfach von Herzen hierf\u00fcr bedanken.&#8220;<\/p>\n<p>&nbsp;<\/p>\n","protected":false},"excerpt":{"rendered":"<p>Als kleines Dankesch\u00f6n f\u00fcr das unglaublich gro\u00dfe Engagement aller Mitarbeiter*innen des St. Paulus Stifts in Zeiten der Corona-Pandemie bestellte die Gesch\u00e4ftsbereichsleiterin eine s\u00fc\u00dfe \u00dcberraschung passend zum Valentinstag direkt auf die \u2026<\/p>\n","protected":false},"author":2,"featured_media":5264,"comment_status":"closed","ping_status":"closed","sticky":false,"template":"","format":"standard","meta":{"_acf_changed":false,"footnotes":""},"categories":[31],"tags":[],"class_list":["post-5263","post","type-post","status-publish","format-standard","has-post-thumbnail","hentry","category-st-paulus-stift-neuoetting-news"],"acf":[],"publishpress_future_action":{"enabled":false,"date":"2026-05-09 12:04:40","action":"change-status","newStatus":"draft","terms":[],"taxonomy":"category","extraData":[]},"publishpress_future_workflow_manual_trigger":{"enabledWorkflows":[]},"_links":{"self":[{"href":"https:\/\/jfb-stiftung.de\/st-paulus-stift-neuoetting\/wp-json\/wp\/v2\/posts\/5263","targetHints":{"allow":["GET"]}}],"collection":[{"href":"https:\/\/jfb-stiftung.de\/st-paulus-stift-neuoetting\/wp-json\/wp\/v2\/posts"}],"about":[{"href":"https:\/\/jfb-stiftung.de\/st-paulus-stift-neuoetting\/wp-json\/wp\/v2\/types\/post"}],"author":[{"embeddable":true,"href":"https:\/\/jfb-stiftung.de\/st-paulus-stift-neuoetting\/wp-json\/wp\/v2\/users\/2"}],"replies":[{"embeddable":true,"href":"https:\/\/jfb-stiftung.de\/st-paulus-stift-neuoetting\/wp-json\/wp\/v2\/comments?post=5263"}],"version-history":[{"count":0,"href":"https:\/\/jfb-stiftung.de\/st-paulus-stift-neuoetting\/wp-json\/wp\/v2\/posts\/5263\/revisions"}],"wp:featuredmedia":[{"embeddable":true,"href":"https:\/\/jfb-stiftung.de\/st-paulus-stift-neuoetting\/wp-json\/wp\/v2\/media\/5264"}],"wp:attachment":[{"href":"https:\/\/jfb-stiftung.de\/st-paulus-stift-neuoetting\/wp-json\/wp\/v2\/media?parent=5263"}],"wp:term":[{"taxonomy":"category","embeddable":true,"href":"https:\/\/jfb-stiftung.de\/st-paulus-stift-neuoetting\/wp-json\/wp\/v2\/categories?post=5263"},{"taxonomy":"post_tag","embeddable":true,"href":"https:\/\/jfb-stiftung.de\/st-paulus-stift-neuoetting\/wp-json\/wp\/v2\/tags?post=5263"}],"curies":[{"name":"wp","href":"https:\/\/api.w.org\/{rel}","templated":true}]}}