{"id":5137,"date":"2021-12-22T12:50:45","date_gmt":"2021-12-22T11:50:45","guid":{"rendered":"https:\/\/jfb-stiftung.de\/st-paulus-stift-neuoetting\/4580-2\/"},"modified":"2021-12-23T09:38:19","modified_gmt":"2021-12-23T08:38:19","slug":"4580-2","status":"publish","type":"post","link":"https:\/\/jfb-stiftung.de\/st-paulus-stift-neuoetting\/4580-2\/","title":{"rendered":"Zauberhafte Weihnachtszeit"},"content":{"rendered":"<p>Die Vorweihnachtszeit beginnt im St. Paulus Stift am ersten Adventswochenende \u2013 in der Regel \u00a0mit dem Adventsmarkt, bei dem es allerlei K\u00f6stlichkeiten und Geschenke zu kaufen gibt. Besucher*innen aus nah und fern und nat\u00fcrlich unsere Bewohner*innen genie\u00dfen an diesem Wochenende hier sch\u00f6ne gemeinsame Stunden. Auch in diesem Jahr haben wir diesen Weihnachtsauftakt nicht stattfinden lassen k\u00f6nnen. Wir haben die K\u00f6pfe zusammengesteckt und uns kreative Alternativen \u00fcberlegt, um den Zauber der Vorweihnachtszeit zumindest intern f\u00fcr die Bewohner*innen erlebbar zu machen.<br \/>\nDer erste Advent tauchte das St. Paulus Stift in ein Lichtermeer aus glitzernden Lichterketten &#8211; im Garten erstrahlen Christb\u00e4ume und sorgen f\u00fcr ein heimeliges Ambiente. Dort ist auch unsere gro\u00dfe beleuchtete Weihnachtskrippe zu bewundern, welche dem\/der Betrachter*in die Weihnachtsgeschichte erz\u00e4hlt.<br \/>\nAn den vier Adventssonntagen haben die Bewohner*innen aller Wohngemeinschaften zur \u00fcblichen Essenslieferungen ein besonderes Schmankerl erhalten. Schokotraum, Nussecken, Schoko-Nikol\u00e4use, Brat\u00e4pfel und klassische \u201eLeckerl\u201c haben so die gem\u00fctlichen Sonntagnachmittage vers\u00fc\u00dft.<br \/>\nUnd schon mal die Geschichte vom \u201eKurzen Baumwollfaden\u201c oder \u201eVon der Gl\u00fcckseligkeit eines Bratapfels\u201c geh\u00f6rt? Diese und andere kleine Geschichten sind f\u00fcr die Bewohner*innen zum Einstimmen auf Weihnachten mitgesendet worden.<br \/>\nImmer wieder ein Ereignis ist die Lieferung der Christb\u00e4ume, die wie jedes Jahr frisch geschnitten, vom Lehneckerhof abgeholt werden. 23 Christb\u00e4ume warten nun darauf in den Wohngemeinschaften gemeinsam geschm\u00fcckt zu werden und so den Weihnachtszauber in die Wohnzimmer zu bringen.<br \/>\nUnd dann f\u00e4ngt Weihnachten an? Es wird ruhiger im St. Paulus Stift. Die Geschenke sind verpackt und alle warten auf\u00b4s Christkind. Doch bevor es soweit ist, kommt am Tag vor Weihnachten noch das Friedenslicht aus Bethlehem in unsere Hauskapelle und wird von hier in alle Wohngemeinschaften getragen. Ja und dann, dann f\u00e4ngt Weihnachten an.<\/p>\n<p><img fetchpriority=\"high\" decoding=\"async\" class=\" wp-image-5155 aligncenter\" src=\"https:\/\/jfb-stiftung.de\/st-paulus-stift-neuoetting\/wp-content\/uploads\/sites\/9\/2021\/12\/Bildmemory-959x1000.png\" alt=\"\" width=\"688\" height=\"718\" srcset=\"https:\/\/jfb-stiftung.de\/st-paulus-stift-neuoetting\/wp-content\/uploads\/sites\/9\/2021\/12\/Bildmemory-959x1000.png 959w, https:\/\/jfb-stiftung.de\/st-paulus-stift-neuoetting\/wp-content\/uploads\/sites\/9\/2021\/12\/Bildmemory-768x801.png 768w, https:\/\/jfb-stiftung.de\/st-paulus-stift-neuoetting\/wp-content\/uploads\/sites\/9\/2021\/12\/Bildmemory.png 991w\" sizes=\"(max-width: 688px) 100vw, 688px\" \/><\/p>\n<p>&nbsp;<\/p>\n<p>&nbsp;<\/p>\n","protected":false},"excerpt":{"rendered":"<p>Die Vorweihnachtszeit beginnt im St. Paulus Stift am ersten Adventswochenende \u2013 in der Regel \u00a0mit dem Adventsmarkt, bei dem es allerlei K\u00f6stlichkeiten und Geschenke zu kaufen gibt. Besucher*innen aus nah \u2026<\/p>\n","protected":false},"author":2,"featured_media":5142,"comment_status":"closed","ping_status":"closed","sticky":false,"template":"","format":"standard","meta":{"_acf_changed":false,"footnotes":""},"categories":[31],"tags":[],"class_list":["post-5137","post","type-post","status-publish","format-standard","has-post-thumbnail","hentry","category-st-paulus-stift-neuoetting-news"],"acf":[],"publishpress_future_action":{"enabled":false,"date":"2026-05-09 11:47:24","action":"change-status","newStatus":"draft","terms":[],"taxonomy":"category","extraData":[]},"publishpress_future_workflow_manual_trigger":{"enabledWorkflows":[]},"_links":{"self":[{"href":"https:\/\/jfb-stiftung.de\/st-paulus-stift-neuoetting\/wp-json\/wp\/v2\/posts\/5137","targetHints":{"allow":["GET"]}}],"collection":[{"href":"https:\/\/jfb-stiftung.de\/st-paulus-stift-neuoetting\/wp-json\/wp\/v2\/posts"}],"about":[{"href":"https:\/\/jfb-stiftung.de\/st-paulus-stift-neuoetting\/wp-json\/wp\/v2\/types\/post"}],"author":[{"embeddable":true,"href":"https:\/\/jfb-stiftung.de\/st-paulus-stift-neuoetting\/wp-json\/wp\/v2\/users\/2"}],"replies":[{"embeddable":true,"href":"https:\/\/jfb-stiftung.de\/st-paulus-stift-neuoetting\/wp-json\/wp\/v2\/comments?post=5137"}],"version-history":[{"count":0,"href":"https:\/\/jfb-stiftung.de\/st-paulus-stift-neuoetting\/wp-json\/wp\/v2\/posts\/5137\/revisions"}],"wp:featuredmedia":[{"embeddable":true,"href":"https:\/\/jfb-stiftung.de\/st-paulus-stift-neuoetting\/wp-json\/wp\/v2\/media\/5142"}],"wp:attachment":[{"href":"https:\/\/jfb-stiftung.de\/st-paulus-stift-neuoetting\/wp-json\/wp\/v2\/media?parent=5137"}],"wp:term":[{"taxonomy":"category","embeddable":true,"href":"https:\/\/jfb-stiftung.de\/st-paulus-stift-neuoetting\/wp-json\/wp\/v2\/categories?post=5137"},{"taxonomy":"post_tag","embeddable":true,"href":"https:\/\/jfb-stiftung.de\/st-paulus-stift-neuoetting\/wp-json\/wp\/v2\/tags?post=5137"}],"curies":[{"name":"wp","href":"https:\/\/api.w.org\/{rel}","templated":true}]}}