{"id":5072,"date":"2021-11-24T10:17:24","date_gmt":"2021-11-24T09:17:24","guid":{"rendered":"https:\/\/jfb-stiftung.de\/st-paulus-stift-neuoetting\/?p=5072"},"modified":"2021-11-24T10:20:43","modified_gmt":"2021-11-24T09:20:43","slug":"12-000-blumenzwiebeln","status":"publish","type":"post","link":"https:\/\/jfb-stiftung.de\/st-paulus-stift-neuoetting\/12-000-blumenzwiebeln\/","title":{"rendered":"12.000 Blumenzwiebeln f\u00fcrs Jubil\u00e4um im n\u00e4chsten Jahr gepflanzt"},"content":{"rendered":"<p>Viel Aufwand und M\u00fche investieren die Bewohner*innen der AT Garten unter der Anleitung unserer G\u00e4rtnerin Frau Ute Klein im St. Paulus Stifts Neu\u00f6tting. Nachdem sich das St. Paulus Stift\u00a0 in diesem Jahr an der Aktion \u201eNeu\u00f6tting bl\u00fcht auf\u201c mit der Bepflanzung einer gro\u00dfen Bl\u00fchwiese beteiligt hat, soll die Aktion auch im Jahr 2022 seine Fortsetzung finden. 2022 feiert das St. Paulus Stift seine 125-j\u00e4hrige Geschichte und so soll im n\u00e4chsten Fr\u00fchjahr unsere Einrichtung so richtig aufbl\u00fchen. Der F\u00f6rderverein des St. Paulus Stifts, der bereits die Bepflanzung der Bl\u00fchwiese samt dazugeh\u00f6rigem Bienenhaus organisiert hat, hat es sich nicht nehmen lassen und 12.000 Blumenzwiebel f\u00fcr uns bestellt und gespendet. Seit zwei Wochen werden \u00fcber das gesamte Gel\u00e4nde verteilt flei\u00dfig Blumenzwiebeln in die Erde eingebracht. So werden uns mit dem Beginn der warmen Jahreszeit, Hyazinthen, Narzissen, Tulpen, M\u00e4rzenbecher und viele andere Fr\u00fchlingsbl\u00fcher jeden Tag begr\u00fc\u00dfen und unsere Gr\u00fcnanlagen in ein Bl\u00fctenmeer verzaubern.<\/p>\n","protected":false},"excerpt":{"rendered":"<p>Viel Aufwand und M\u00fche investieren die Bewohner*innen der AT Garten unter der Anleitung unserer G\u00e4rtnerin Frau Ute Klein im St. Paulus Stifts Neu\u00f6tting. Nachdem sich das St. Paulus Stift\u00a0 in \u2026<\/p>\n","protected":false},"author":2,"featured_media":5073,"comment_status":"closed","ping_status":"closed","sticky":false,"template":"","format":"standard","meta":{"_acf_changed":false,"footnotes":""},"categories":[31],"tags":[],"class_list":["post-5072","post","type-post","status-publish","format-standard","has-post-thumbnail","hentry","category-st-paulus-stift-neuoetting-news"],"acf":[],"publishpress_future_action":{"enabled":false,"date":"2026-05-09 13:12:08","action":"change-status","newStatus":"draft","terms":[],"taxonomy":"category","extraData":[]},"publishpress_future_workflow_manual_trigger":{"enabledWorkflows":[]},"_links":{"self":[{"href":"https:\/\/jfb-stiftung.de\/st-paulus-stift-neuoetting\/wp-json\/wp\/v2\/posts\/5072","targetHints":{"allow":["GET"]}}],"collection":[{"href":"https:\/\/jfb-stiftung.de\/st-paulus-stift-neuoetting\/wp-json\/wp\/v2\/posts"}],"about":[{"href":"https:\/\/jfb-stiftung.de\/st-paulus-stift-neuoetting\/wp-json\/wp\/v2\/types\/post"}],"author":[{"embeddable":true,"href":"https:\/\/jfb-stiftung.de\/st-paulus-stift-neuoetting\/wp-json\/wp\/v2\/users\/2"}],"replies":[{"embeddable":true,"href":"https:\/\/jfb-stiftung.de\/st-paulus-stift-neuoetting\/wp-json\/wp\/v2\/comments?post=5072"}],"version-history":[{"count":0,"href":"https:\/\/jfb-stiftung.de\/st-paulus-stift-neuoetting\/wp-json\/wp\/v2\/posts\/5072\/revisions"}],"wp:featuredmedia":[{"embeddable":true,"href":"https:\/\/jfb-stiftung.de\/st-paulus-stift-neuoetting\/wp-json\/wp\/v2\/media\/5073"}],"wp:attachment":[{"href":"https:\/\/jfb-stiftung.de\/st-paulus-stift-neuoetting\/wp-json\/wp\/v2\/media?parent=5072"}],"wp:term":[{"taxonomy":"category","embeddable":true,"href":"https:\/\/jfb-stiftung.de\/st-paulus-stift-neuoetting\/wp-json\/wp\/v2\/categories?post=5072"},{"taxonomy":"post_tag","embeddable":true,"href":"https:\/\/jfb-stiftung.de\/st-paulus-stift-neuoetting\/wp-json\/wp\/v2\/tags?post=5072"}],"curies":[{"name":"wp","href":"https:\/\/api.w.org\/{rel}","templated":true}]}}