{"id":4924,"date":"2021-10-13T14:03:22","date_gmt":"2021-10-13T12:03:22","guid":{"rendered":"https:\/\/jfb-stiftung.de\/st-paulus-stift-neuoetting\/foerderverein-erfuellt-herzenswunsch-ein-kettcar\/"},"modified":"2021-10-28T11:11:51","modified_gmt":"2021-10-28T09:11:51","slug":"foerderverein-erfuellt-herzenswunsch-ein-kettcar","status":"publish","type":"post","link":"https:\/\/jfb-stiftung.de\/st-paulus-stift-neuoetting\/foerderverein-erfuellt-herzenswunsch-ein-kettcar\/","title":{"rendered":"F\u00f6rderverein erf\u00fcllt Herzenswunsch: Ein Kettcar"},"content":{"rendered":"<p>Ganz oben auf der Wunschliste der Bewohner*innen stand schon seit l\u00e4ngerer Zeit ein Erwachsenenkettcar. Der F\u00f6rderverein des St. Paulus Stifts \u00fcbernahm die Finanzierung des neuen roten Flitzers. Die Wartezeit hat nun ein Ende. Am Montag, den 11. Oktober war es soweit, die Spedition lieferte das lang erwartete Kettcar. In der F\u00d6ST 6 wurde der Bausatz schlie\u00dflich zusammengebaut und auf seine Verkehrssicherheit hin gepr\u00fcft. Zwei Tage sp\u00e4ter konnte das Kettcar an die Wohngemeinschaft Florian\/Dorothea geliefert werden. Fr. Schachtner \u00fcbergab das Kettcar an die Gruppenleitung Frau Buchmair, die auch sofort eine Probefahrt mit dem neuen Kettcar unternahm. Nat\u00fcrlich k\u00f6nnen auch alle anderen Wohngemeinschaften sich das Kettcar ausleihen. Herzlichen Dank an unseren F\u00f6rderverein f\u00fcr die gro\u00dfz\u00fcgige Unterst\u00fctzung, der Spa\u00df mit dem neuen Kettcar ist in jedem Fall vorprogrammiert.<\/p>\n","protected":false},"excerpt":{"rendered":"<p>Ganz oben auf der Wunschliste der Bewohner*innen stand schon seit l\u00e4ngerer Zeit ein Erwachsenenkettcar. Der F\u00f6rderverein des St. Paulus Stifts \u00fcbernahm die Finanzierung des neuen roten Flitzers. Die Wartezeit hat \u2026<\/p>\n","protected":false},"author":2,"featured_media":4931,"comment_status":"closed","ping_status":"closed","sticky":false,"template":"","format":"standard","meta":{"_acf_changed":false,"footnotes":""},"categories":[31],"tags":[],"class_list":["post-4924","post","type-post","status-publish","format-standard","has-post-thumbnail","hentry","category-st-paulus-stift-neuoetting-news"],"acf":[],"publishpress_future_action":{"enabled":false,"date":"2026-05-09 13:09:51","action":"change-status","newStatus":"draft","terms":[],"taxonomy":"category","extraData":[]},"publishpress_future_workflow_manual_trigger":{"enabledWorkflows":[]},"_links":{"self":[{"href":"https:\/\/jfb-stiftung.de\/st-paulus-stift-neuoetting\/wp-json\/wp\/v2\/posts\/4924","targetHints":{"allow":["GET"]}}],"collection":[{"href":"https:\/\/jfb-stiftung.de\/st-paulus-stift-neuoetting\/wp-json\/wp\/v2\/posts"}],"about":[{"href":"https:\/\/jfb-stiftung.de\/st-paulus-stift-neuoetting\/wp-json\/wp\/v2\/types\/post"}],"author":[{"embeddable":true,"href":"https:\/\/jfb-stiftung.de\/st-paulus-stift-neuoetting\/wp-json\/wp\/v2\/users\/2"}],"replies":[{"embeddable":true,"href":"https:\/\/jfb-stiftung.de\/st-paulus-stift-neuoetting\/wp-json\/wp\/v2\/comments?post=4924"}],"version-history":[{"count":0,"href":"https:\/\/jfb-stiftung.de\/st-paulus-stift-neuoetting\/wp-json\/wp\/v2\/posts\/4924\/revisions"}],"wp:featuredmedia":[{"embeddable":true,"href":"https:\/\/jfb-stiftung.de\/st-paulus-stift-neuoetting\/wp-json\/wp\/v2\/media\/4931"}],"wp:attachment":[{"href":"https:\/\/jfb-stiftung.de\/st-paulus-stift-neuoetting\/wp-json\/wp\/v2\/media?parent=4924"}],"wp:term":[{"taxonomy":"category","embeddable":true,"href":"https:\/\/jfb-stiftung.de\/st-paulus-stift-neuoetting\/wp-json\/wp\/v2\/categories?post=4924"},{"taxonomy":"post_tag","embeddable":true,"href":"https:\/\/jfb-stiftung.de\/st-paulus-stift-neuoetting\/wp-json\/wp\/v2\/tags?post=4924"}],"curies":[{"name":"wp","href":"https:\/\/api.w.org\/{rel}","templated":true}]}}