{"id":4919,"date":"2021-10-01T16:58:45","date_gmt":"2021-10-01T14:58:45","guid":{"rendered":"https:\/\/jfb-stiftung.de\/st-paulus-stift-neuoetting\/?p=4919"},"modified":"2021-10-28T12:10:56","modified_gmt":"2021-10-28T10:10:56","slug":"kleines-oktoberfestl-mit-suesser-ueberraschung","status":"publish","type":"post","link":"https:\/\/jfb-stiftung.de\/st-paulus-stift-neuoetting\/kleines-oktoberfestl-mit-suesser-ueberraschung\/","title":{"rendered":"Kleines Oktoberfestl mit s\u00fc\u00dfer \u00dcberraschung"},"content":{"rendered":"<p>Ein z\u00fcnftiges Oktoberfest ist auch in diesem \u201eCorona-Jahr&#8220; noch nicht m\u00f6glich. Damit war Kreativit\u00e4t gefragt, um dennoch etwas Oktoberfestfeeling aufkommen zu lassen. Unser K\u00fcchenchef Hr. Lindlbauer hatte die Idee, den ersten Freitag im Oktober mit Schokofr\u00fcchten und Lebkuchenherzerl f\u00fcr die Bewohner*innen zu vers\u00fc\u00dfen. Dazu haben wir eine Bude im Innenhof des Pr\u00e4lat-Bussereau-Hauses aufgestellt und bestes sonniges Herbstwetter bestellt. Durch die Kontakte des F\u00f6rdervereins des St. Paulus Stifts wurde eine z\u00fcnftige Blasmusik f\u00fcr diesen Nachmittag engagiert. Die Schoadhofer \u2013 Musi, die f\u00fcr uns aufgespielt hat, ist \u00fcbrigens eine originelle Oktoberfestkapelle.<br \/>\nAb 14 Uhr warteten dann 350 Schokofr\u00fcchte, etliche Lebkucherherzerl und frisch gebrannte Mandeln auf ihre Abnehmer*innen, die auch daf\u00fcr sorgten, dass nach eineinhalb Stunden nur noch ein paar Schokofr\u00fcchte \u00fcbrig waren. Nach langer Abstinenz war der \u201eS\u00fc\u00dfe Freitag\u201c das erste Frischluftereignis, bei dem sich die Bewohner*innen auch gruppen\u00fcbergreifend treffen konnten.<\/p>\n","protected":false},"excerpt":{"rendered":"<p>Ein z\u00fcnftiges Oktoberfest ist auch in diesem \u201eCorona-Jahr&#8220; noch nicht m\u00f6glich. Damit war Kreativit\u00e4t gefragt, um dennoch etwas Oktoberfestfeeling aufkommen zu lassen. Unser K\u00fcchenchef Hr. Lindlbauer hatte die Idee, den \u2026<\/p>\n","protected":false},"author":2,"featured_media":4936,"comment_status":"closed","ping_status":"closed","sticky":false,"template":"","format":"standard","meta":{"_acf_changed":false,"footnotes":""},"categories":[31],"tags":[],"class_list":["post-4919","post","type-post","status-publish","format-standard","has-post-thumbnail","hentry","category-st-paulus-stift-neuoetting-news"],"acf":[],"publishpress_future_action":{"enabled":false,"date":"2026-05-09 13:18:04","action":"change-status","newStatus":"draft","terms":[],"taxonomy":"category","extraData":[]},"publishpress_future_workflow_manual_trigger":{"enabledWorkflows":[]},"_links":{"self":[{"href":"https:\/\/jfb-stiftung.de\/st-paulus-stift-neuoetting\/wp-json\/wp\/v2\/posts\/4919","targetHints":{"allow":["GET"]}}],"collection":[{"href":"https:\/\/jfb-stiftung.de\/st-paulus-stift-neuoetting\/wp-json\/wp\/v2\/posts"}],"about":[{"href":"https:\/\/jfb-stiftung.de\/st-paulus-stift-neuoetting\/wp-json\/wp\/v2\/types\/post"}],"author":[{"embeddable":true,"href":"https:\/\/jfb-stiftung.de\/st-paulus-stift-neuoetting\/wp-json\/wp\/v2\/users\/2"}],"replies":[{"embeddable":true,"href":"https:\/\/jfb-stiftung.de\/st-paulus-stift-neuoetting\/wp-json\/wp\/v2\/comments?post=4919"}],"version-history":[{"count":0,"href":"https:\/\/jfb-stiftung.de\/st-paulus-stift-neuoetting\/wp-json\/wp\/v2\/posts\/4919\/revisions"}],"wp:featuredmedia":[{"embeddable":true,"href":"https:\/\/jfb-stiftung.de\/st-paulus-stift-neuoetting\/wp-json\/wp\/v2\/media\/4936"}],"wp:attachment":[{"href":"https:\/\/jfb-stiftung.de\/st-paulus-stift-neuoetting\/wp-json\/wp\/v2\/media?parent=4919"}],"wp:term":[{"taxonomy":"category","embeddable":true,"href":"https:\/\/jfb-stiftung.de\/st-paulus-stift-neuoetting\/wp-json\/wp\/v2\/categories?post=4919"},{"taxonomy":"post_tag","embeddable":true,"href":"https:\/\/jfb-stiftung.de\/st-paulus-stift-neuoetting\/wp-json\/wp\/v2\/tags?post=4919"}],"curies":[{"name":"wp","href":"https:\/\/api.w.org\/{rel}","templated":true}]}}