{"id":4176,"date":"2021-08-24T12:02:11","date_gmt":"2021-08-24T10:02:11","guid":{"rendered":"https:\/\/jfb-stiftung.de\/st-paulus-stift-neuoetting\/gratulationen-zur-bestandenen-abschlusspruefung-hep-hep-h\/"},"modified":"2021-08-24T12:05:04","modified_gmt":"2021-08-24T10:05:04","slug":"hep-ausbildung-mit-bravour-bestanden","status":"publish","type":"post","link":"https:\/\/jfb-stiftung.de\/st-paulus-stift-neuoetting\/hep-ausbildung-mit-bravour-bestanden\/","title":{"rendered":"HEP-Ausbildung mit Bravour bestanden"},"content":{"rendered":"<p>Die Mitarbeiter*innen des St. Paulus Stift Neu\u00f6tting freuen sich \u00fcber den erfolgreichen Abschluss der diesj\u00e4hrigen Azubis in der Heilerziehungspflegehilfe- und Heilerziehungspflege-Ausbildung. Anfang August gab es deshalb im Rahmen einer kleinen Feierstunde einen gemeinsamen Brunch, bei dem die Absolventinnen &amp; Absolventen  ihre Ausbildung nochmals Revue passieren lie\u00dfen: Ein schwieriges Ausbildungsjahr mit besonderen Herausforderungen war zu bew\u00e4ltigen. Coronabedingt war im Pr\u00fcfungsjahr Onlineunterricht an der Tagesordnung und Pr\u00e4senztage in den ausbildenden Schulen waren eine Seltenheit. Auch die Begleitung in der Praxis durch die Schulen war nur in einem beschr\u00e4nkten Rahmen m\u00f6glich.<\/p>\n<p>Trotz dieser besonderen Umst\u00e4nde haben alle Sch\u00fcler*innen ihre Abschlusspr\u00fcfungen ablegen k\u00f6nnen und sowohl die praktischen als auch die theoretischen Pr\u00fcfungen sehr gut bestanden.<\/p>\n<p>Besonders stolz sind wir, dass bis auf eine Ausnahme (wegen anschlie\u00dfendem Studium) alle Absolventinnen und Absolventen in der Einrichtungm St. Paulus Stift bleiben. Ein herzlicher Dank richtet sich an die Praxisanleitungen im Haus, die ebenfalls an der kleinen Feierstunde mit teilgenommen haben.<\/p>\n<p>Im Foto v.l. Fr. Manuela Schachtner (GBL) Fr. Freiberger(PAL), Fr. Lindner (HEP), Fr. Chmela (HEP); Hr. Benirschke (PAL), Fr. Buchmair (PAL); Fr. Eberl (HepH), Fr. Reidinger (HEP), Fr. B\u00fccherl (PAL) Hr. Hecht (BL)<\/p>\n<p>Aus terminlichen Gr\u00fcnden verhindert: Fr. Sudrow (HEP), Fr. Mattscheck (HEP) und Hr. Rudlof (HEP)<\/p>\n<p>Foto Hr. Waldherr<\/p>\n","protected":false},"excerpt":{"rendered":"<p>Die Mitarbeiter*innen des St. Paulus Stift Neu\u00f6tting freuen sich \u00fcber den erfolgreichen Abschluss der diesj\u00e4hrigen Azubis in der Heilerziehungspflegehilfe- und Heilerziehungspflege-Ausbildung. Anfang August gab es deshalb im Rahmen einer kleinen \u2026<\/p>\n","protected":false},"author":2,"featured_media":4181,"comment_status":"closed","ping_status":"closed","sticky":false,"template":"","format":"standard","meta":{"_acf_changed":false,"footnotes":""},"categories":[31],"tags":[],"class_list":["post-4176","post","type-post","status-publish","format-standard","has-post-thumbnail","hentry","category-st-paulus-stift-neuoetting-news"],"acf":[],"publishpress_future_action":{"enabled":false,"date":"2026-05-09 13:13:02","action":"change-status","newStatus":"draft","terms":[],"taxonomy":"category","extraData":[]},"publishpress_future_workflow_manual_trigger":{"enabledWorkflows":[]},"_links":{"self":[{"href":"https:\/\/jfb-stiftung.de\/st-paulus-stift-neuoetting\/wp-json\/wp\/v2\/posts\/4176","targetHints":{"allow":["GET"]}}],"collection":[{"href":"https:\/\/jfb-stiftung.de\/st-paulus-stift-neuoetting\/wp-json\/wp\/v2\/posts"}],"about":[{"href":"https:\/\/jfb-stiftung.de\/st-paulus-stift-neuoetting\/wp-json\/wp\/v2\/types\/post"}],"author":[{"embeddable":true,"href":"https:\/\/jfb-stiftung.de\/st-paulus-stift-neuoetting\/wp-json\/wp\/v2\/users\/2"}],"replies":[{"embeddable":true,"href":"https:\/\/jfb-stiftung.de\/st-paulus-stift-neuoetting\/wp-json\/wp\/v2\/comments?post=4176"}],"version-history":[{"count":0,"href":"https:\/\/jfb-stiftung.de\/st-paulus-stift-neuoetting\/wp-json\/wp\/v2\/posts\/4176\/revisions"}],"wp:featuredmedia":[{"embeddable":true,"href":"https:\/\/jfb-stiftung.de\/st-paulus-stift-neuoetting\/wp-json\/wp\/v2\/media\/4181"}],"wp:attachment":[{"href":"https:\/\/jfb-stiftung.de\/st-paulus-stift-neuoetting\/wp-json\/wp\/v2\/media?parent=4176"}],"wp:term":[{"taxonomy":"category","embeddable":true,"href":"https:\/\/jfb-stiftung.de\/st-paulus-stift-neuoetting\/wp-json\/wp\/v2\/categories?post=4176"},{"taxonomy":"post_tag","embeddable":true,"href":"https:\/\/jfb-stiftung.de\/st-paulus-stift-neuoetting\/wp-json\/wp\/v2\/tags?post=4176"}],"curies":[{"name":"wp","href":"https:\/\/api.w.org\/{rel}","templated":true}]}}